{"id":5233,"date":"2025-11-03T07:29:53","date_gmt":"2025-11-03T06:29:53","guid":{"rendered":"https:\/\/kraftan.nu\/?p=5233"},"modified":"2025-11-03T07:29:53","modified_gmt":"2025-11-03T06:29:53","slug":"meny-v-45-3","status":"publish","type":"post","link":"https:\/\/kraftan.nu\/?p=5233","title":{"rendered":"Meny V.45"},"content":{"rendered":"\n<p>M\u00e5ndag:<br>Biff a\u2019la lindstr\u00f6m med rostad potatis samt l\u00f6k och r\u00f6dvinssky<br>Pocherad sejfil\u00e9 med vitvinss\u00e5s samt kokt potatis<\/p>\n\n\n\n<p>Veckans vegetariska: Plantbullar med kokt potatis, lingonsylt samt stuvade kantareller<\/p>\n\n\n\n<p>Dagens soppa<br><br>Tisdag:<br>Raggmunkar, rimmat stekfl\u00e4sk, bruna b\u00f6nor, l\u00f6ks\u00e5s samt r\u00e5r\u00f6rda lingon<br>Ugnsbakad fiskfil\u00e9 med str\u00f6br\u00f6dst\u00e4cke, kokt potatis samt rom kr\u00e4m<br>Veckans vegetariska: Plantbullar med kokt potatis, lingonsylt samt stuvade kantareller<br>Dagens soppa<br><br>Onsdag:<br>Ugnsbakad Kycklingklubbfil\u00e9 med rostad potatis samt bearnaises\u00e5s<br>Fiskgryta med f\u00e4nk\u00e5l och purjol\u00f6k, aioli och kokt potatis<\/p>\n\n\n\n<p>Veckans vegetariska: Plantbullar med kokt potatis, lingonsylt samt stuvade kantareller<\/p>\n\n\n\n<p>Dagens soppa<br><br>Pannkakstorsdag:<br>Chili Con Carne med ris samt gr\u00e4ddfil och nacho chips<br>Kr\u00e4mig skaldjurspasta med dill och citron<br>\u00c4rtsoppa med fl\u00e4sk samt husets senap.<br>Kr\u00e4ftans egna pannkakor med sylt och gr\u00e4dde.<br>Vegansk \u00e4rtsoppa med husets senap<br>Veckans vegetariska: Plantbullar med kokt potatis, lingonsylt samt stuvade kantareller<\/p>\n\n\n\n<p><br>Fredagsbuff\u00e9: Kr\u00e4ftans asiatiskabuff\u00e9<\/p>\n\n\n\n<p>Friterad kyckling med stekt ris och srirachamajonn\u00e4s<br>Ugnsbakad laxfil\u00e9 med teriyakis\u00e5s samt ris<\/p>\n\n\n\n<p>Currygryta med tofu och gr\u00f6nsaker samt ris<\/p>\n\n\n\n<p>Dagen soppa<\/p>\n","protected":false},"excerpt":{"rendered":"<p>M\u00e5ndag:Biff a\u2019la lindstr\u00f6m med rostad potatis samt l\u00f6k och r\u00f6dvinsskyPocherad sejfil\u00e9 med vitvinss\u00e5s samt kokt potatis Veckans vegetariska: Plantbullar med [&hellip;]<\/p>\n","protected":false},"author":1,"featured_media":0,"comment_status":"closed","ping_status":"open","sticky":false,"template":"","format":"standard","meta":{"_monsterinsights_skip_tracking":false,"_monsterinsights_sitenote_active":false,"_monsterinsights_sitenote_note":"","_monsterinsights_sitenote_category":0,"footnotes":""},"categories":[4],"tags":[],"class_list":["post-5233","post","type-post","status-publish","format-standard","hentry","category-menyer"],"_links":{"self":[{"href":"https:\/\/kraftan.nu\/index.php?rest_route=\/wp\/v2\/posts\/5233","targetHints":{"allow":["GET"]}}],"collection":[{"href":"https:\/\/kraftan.nu\/index.php?rest_route=\/wp\/v2\/posts"}],"about":[{"href":"https:\/\/kraftan.nu\/index.php?rest_route=\/wp\/v2\/types\/post"}],"author":[{"embeddable":true,"href":"https:\/\/kraftan.nu\/index.php?rest_route=\/wp\/v2\/users\/1"}],"replies":[{"embeddable":true,"href":"https:\/\/kraftan.nu\/index.php?rest_route=%2Fwp%2Fv2%2Fcomments&post=5233"}],"version-history":[{"count":1,"href":"https:\/\/kraftan.nu\/index.php?rest_route=\/wp\/v2\/posts\/5233\/revisions"}],"predecessor-version":[{"id":5234,"href":"https:\/\/kraftan.nu\/index.php?rest_route=\/wp\/v2\/posts\/5233\/revisions\/5234"}],"wp:attachment":[{"href":"https:\/\/kraftan.nu\/index.php?rest_route=%2Fwp%2Fv2%2Fmedia&parent=5233"}],"wp:term":[{"taxonomy":"category","embeddable":true,"href":"https:\/\/kraftan.nu\/index.php?rest_route=%2Fwp%2Fv2%2Fcategories&post=5233"},{"taxonomy":"post_tag","embeddable":true,"href":"https:\/\/kraftan.nu\/index.php?rest_route=%2Fwp%2Fv2%2Ftags&post=5233"}],"curies":[{"name":"wp","href":"https:\/\/api.w.org\/{rel}","templated":true}]}}