{"id":3805,"date":"2021-09-25T18:01:03","date_gmt":"2021-09-25T18:01:03","guid":{"rendered":"https:\/\/kraftan.nu\/?p=3805"},"modified":"2021-09-25T18:01:05","modified_gmt":"2021-09-25T18:01:05","slug":"lunchmeny-v-39-9","status":"publish","type":"post","link":"https:\/\/kraftan.nu\/?p=3805","title":{"rendered":"Lunchmeny V.39"},"content":{"rendered":"\n<p><\/p>\n\n\n\n<p><strong>M\u00e5ndag<\/strong><br>\n<em>Bakad kummelfil\u00e9 med sm\u00f6rad vitvinss\u00e5s, r\u00e4kor och\nf\u00e4rskpotatis<br>\n&nbsp;<a>Helstekt \u201dtri tip\u201d\nav kalv med tryffelsky &amp; potatisgrat\u00e4ng<br>\n&nbsp;Veckans husman: <\/a><a>Korv stroganoff med ris<\/a><br>\nVeg: Kr\u00e4mig rotfruktsgryta med spenat &amp; kantareller<br>\n<br>\n<\/em><strong>Tisdag<\/strong><br>\n<em>&nbsp; Ugnstekt lubbfil\u00e9 med\nr\u00f6dbetor, kapris &amp; brynt pepparotssm\u00f6r samt nypotatis<br>\nRaggmunk med stekt rimmat sidfl\u00e4sk och r\u00e5r\u00f6rda lingon<br>\nVeckans husman: Korv stroganoff\nmed ris <br>\nVeg: Quorngryta med b\u00f6nor &amp; blomk\u00e5l<\/em><br>\n<strong>Onsdag<\/strong><br>\n<em>Fisk &amp; skaldjursgryta \u201dbouridde\u201d med glaserade rotfrukter\noch kokt potatis<br>\nHelstekt top blade av oxe med balsamsky, r\u00f6dvinssm\u00f6r och potatispur\u00e9<br>\nVeckans husman: Korv stroganoff\nmed ris<br>\n<\/em><em>Veg: Texas oumph<\/em><em><br>\n<\/em><strong>Torsdag<\/strong><em><\/em><\/p>\n\n\n\n<p><em>\u00c4rtsoppa och\npannkaksbuff\u00e9 \u00e4t s\u00e5 mycket du vill<br>\n\u00c5ngad kolja med citron &amp; parmesans\u00e5s, syltad r\u00f6dl\u00f6k och pommes duchesse<br>\nBoeuf Bourgignon med r\u00f6kt sidfl\u00e4sk och svamp serveras med potatispur\u00e9<br>\nVeckans husman: Korv stroganoff\nmed ris<br>\nVeg: Chili sin carne med gr\u00e4ddfil &amp; ris <br>\n<\/em><strong>Fredag<\/strong><em><br>\n<\/em><em>Pankostekt sejfil\u00e9 med dansk remoulads\u00e5s och kokt potatis <br>\nSchnitzel \u201dcordon blue\u201d med gr\u00e4ddkokt svamp och r\u00e5stekt potatis <br>\nVeckans husman: Korv stroganoff\nmed ris<br>\nVeg: Sojaf\u00e4rsgryta med rostad paprika och kokos<\/em><\/p>\n","protected":false},"excerpt":{"rendered":"<p>M\u00e5ndag Bakad kummelfil\u00e9 med sm\u00f6rad vitvinss\u00e5s, r\u00e4kor och f\u00e4rskpotatis &nbsp;Helstekt \u201dtri tip\u201d av kalv med tryffelsky &amp; potatisgrat\u00e4ng &nbsp;Veckans husman: [&hellip;]<\/p>\n","protected":false},"author":1,"featured_media":0,"comment_status":"closed","ping_status":"open","sticky":false,"template":"","format":"standard","meta":{"_monsterinsights_skip_tracking":false,"_monsterinsights_sitenote_active":false,"_monsterinsights_sitenote_note":"","_monsterinsights_sitenote_category":0,"footnotes":""},"categories":[4],"tags":[],"class_list":["post-3805","post","type-post","status-publish","format-standard","hentry","category-menyer"],"_links":{"self":[{"href":"https:\/\/kraftan.nu\/index.php?rest_route=\/wp\/v2\/posts\/3805","targetHints":{"allow":["GET"]}}],"collection":[{"href":"https:\/\/kraftan.nu\/index.php?rest_route=\/wp\/v2\/posts"}],"about":[{"href":"https:\/\/kraftan.nu\/index.php?rest_route=\/wp\/v2\/types\/post"}],"author":[{"embeddable":true,"href":"https:\/\/kraftan.nu\/index.php?rest_route=\/wp\/v2\/users\/1"}],"replies":[{"embeddable":true,"href":"https:\/\/kraftan.nu\/index.php?rest_route=%2Fwp%2Fv2%2Fcomments&post=3805"}],"version-history":[{"count":1,"href":"https:\/\/kraftan.nu\/index.php?rest_route=\/wp\/v2\/posts\/3805\/revisions"}],"predecessor-version":[{"id":3806,"href":"https:\/\/kraftan.nu\/index.php?rest_route=\/wp\/v2\/posts\/3805\/revisions\/3806"}],"wp:attachment":[{"href":"https:\/\/kraftan.nu\/index.php?rest_route=%2Fwp%2Fv2%2Fmedia&parent=3805"}],"wp:term":[{"taxonomy":"category","embeddable":true,"href":"https:\/\/kraftan.nu\/index.php?rest_route=%2Fwp%2Fv2%2Fcategories&post=3805"},{"taxonomy":"post_tag","embeddable":true,"href":"https:\/\/kraftan.nu\/index.php?rest_route=%2Fwp%2Fv2%2Ftags&post=3805"}],"curies":[{"name":"wp","href":"https:\/\/api.w.org\/{rel}","templated":true}]}}