{"id":3794,"date":"2021-09-12T09:37:06","date_gmt":"2021-09-12T09:37:06","guid":{"rendered":"https:\/\/kraftan.nu\/?p=3794"},"modified":"2021-09-12T09:37:07","modified_gmt":"2021-09-12T09:37:07","slug":"lunchmeny-v-37-9","status":"publish","type":"post","link":"https:\/\/kraftan.nu\/?p=3794","title":{"rendered":"Lunchmeny V.37"},"content":{"rendered":"\n<p><\/p>\n\n\n\n<p><strong>M\u00e5ndag<\/strong><\/p>\n\n\n\n<p><strong><em>Skaldjursgratinerad havskattfil\u00e9 med pr\u00e4stostduchesse<br>\nHjortf\u00e4rsbiff med enb\u00e4rsgr\u00e4dds\u00e5s, lingon och stekt potatis<br>\nVeckans husman: Gr\u00e4ddkokt viltskav med potatispur\u00e9 och lingon<br>\nGr\u00f6nt: Kr\u00e4mig svampragu med bakad tomat <\/em><\/strong><\/p>\n\n\n\n<p><strong>Tisdag<\/strong><\/p>\n\n\n\n<p><strong><em>Ugnsbakad kummel med mandelpesto och kr\u00e4mig\nsaffransrisotto <br>\nRaggmunkar med rimmat sidfl\u00e4sk och r\u00e5r\u00f6rda lingon<br>\nVeckans husman: Gr\u00e4ddkokt viltskav med potatispur\u00e9 och lingon<br>\nGr\u00f6nt: Mexikansk sojaf\u00e4rsgryta<\/em><\/strong><\/p>\n\n\n\n<p><strong>Onsdag<\/strong><\/p>\n\n\n\n<p><strong><em>\u00c5ngad torsk med \u00e4gg, r\u00e4k &amp;\npepparrotshack samt brynt sm\u00f6r och kokt potatis<br>\nOst &amp; svampfylld fl\u00e4skytterfil\u00e9 med bacon &amp; r\u00f6dl\u00f6kssky samt\npotatispur\u00e9&nbsp; <br>\nVeckans husman: Gr\u00e4ddkokt viltskav med potatispur\u00e9 och lingon<br>\nGr\u00f6nt: B\u00f6ngryta med \u00f6rter &amp; gr\u00f6nsaker<\/em><\/strong><\/p>\n\n\n\n<p><strong><em>&nbsp;<\/em><\/strong><strong>Torsdag<\/strong><\/p>\n\n\n\n<p><strong><em>Kr\u00e4ftans sopp &amp; pannkaksbuff\u00e9<br>\nL\u00f6k &amp; pankostekt sejfil\u00e9 med citroncr\u00e9me och kokt potatis <br>\nR\u00f6dvinsbr\u00e4sserad kalvstek med ros\u00e9peppars\u00e5s och r\u00e5stekt potatis<br>\nVeckans husman: Gr\u00e4ddkokt viltskav med potatispur\u00e9 och lingon<br>\nGr\u00f6nt: Rostad s\u00f6tpotatisgryta med kokos &amp; mandel<\/em><\/strong><\/p>\n\n\n\n<p><strong>Fredag<\/strong><br><strong><em>Kr\u00e4mig fisk &amp; skaldjursgryta med smak av apelsin och saffran serveras med kokt potatis<br> Vitl\u00f6ksstekt majskyckling med dragonsky &amp; potatisgrat\u00e4ng<br> Veckans husman: Gr\u00e4ddkokt viltskav med potatispur\u00e9 och lingon<br> Gr\u00f6nt: Blomk\u00e5lsgryta med kik\u00e4rtor och curry <\/em><\/strong><\/p>\n","protected":false},"excerpt":{"rendered":"<p>M\u00e5ndag Skaldjursgratinerad havskattfil\u00e9 med pr\u00e4stostduchesse Hjortf\u00e4rsbiff med enb\u00e4rsgr\u00e4dds\u00e5s, lingon och stekt potatis Veckans husman: Gr\u00e4ddkokt viltskav med potatispur\u00e9 och lingon [&hellip;]<\/p>\n","protected":false},"author":1,"featured_media":0,"comment_status":"closed","ping_status":"open","sticky":false,"template":"","format":"standard","meta":{"_monsterinsights_skip_tracking":false,"_monsterinsights_sitenote_active":false,"_monsterinsights_sitenote_note":"","_monsterinsights_sitenote_category":0,"footnotes":""},"categories":[4],"tags":[],"class_list":["post-3794","post","type-post","status-publish","format-standard","hentry","category-menyer"],"_links":{"self":[{"href":"https:\/\/kraftan.nu\/index.php?rest_route=\/wp\/v2\/posts\/3794","targetHints":{"allow":["GET"]}}],"collection":[{"href":"https:\/\/kraftan.nu\/index.php?rest_route=\/wp\/v2\/posts"}],"about":[{"href":"https:\/\/kraftan.nu\/index.php?rest_route=\/wp\/v2\/types\/post"}],"author":[{"embeddable":true,"href":"https:\/\/kraftan.nu\/index.php?rest_route=\/wp\/v2\/users\/1"}],"replies":[{"embeddable":true,"href":"https:\/\/kraftan.nu\/index.php?rest_route=%2Fwp%2Fv2%2Fcomments&post=3794"}],"version-history":[{"count":1,"href":"https:\/\/kraftan.nu\/index.php?rest_route=\/wp\/v2\/posts\/3794\/revisions"}],"predecessor-version":[{"id":3795,"href":"https:\/\/kraftan.nu\/index.php?rest_route=\/wp\/v2\/posts\/3794\/revisions\/3795"}],"wp:attachment":[{"href":"https:\/\/kraftan.nu\/index.php?rest_route=%2Fwp%2Fv2%2Fmedia&parent=3794"}],"wp:term":[{"taxonomy":"category","embeddable":true,"href":"https:\/\/kraftan.nu\/index.php?rest_route=%2Fwp%2Fv2%2Fcategories&post=3794"},{"taxonomy":"post_tag","embeddable":true,"href":"https:\/\/kraftan.nu\/index.php?rest_route=%2Fwp%2Fv2%2Ftags&post=3794"}],"curies":[{"name":"wp","href":"https:\/\/api.w.org\/{rel}","templated":true}]}}