{"id":3766,"date":"2021-09-03T10:48:10","date_gmt":"2021-09-03T10:48:10","guid":{"rendered":"https:\/\/kraftan.nu\/?p=3766"},"modified":"2021-09-06T04:40:46","modified_gmt":"2021-09-06T04:40:46","slug":"lunchmeny-v-36-8","status":"publish","type":"post","link":"https:\/\/kraftan.nu\/?p=3766","title":{"rendered":"Lunchmeny V.36"},"content":{"rendered":"\n<p><\/p>\n\n\n\n<p><strong>M\u00e5ndag<\/strong><br> <em>Sm\u00f6rconfiterad l\u00e5ngafil\u00e9 med mussels\u00e5s och pommes duchesse \u00a0<br> <\/em> Majskycklingfile med dragons\u00e5s och stekt svamp samt stekt potatis <em><br> Veckans husman: K\u00f6ttbullar med gr\u00e4dds\u00e5s och kokt potatis <br> Vegan: Tomat &amp; f\u00e4nk\u00e5lsgryta med b\u00f6nor <br> <\/em><strong>Tisdag<\/strong><br> <em>Fisk &amp; skaldjursgryta med aioli och f\u00e4rsk potatis <br> Raggmunkar med rimmat sidfl\u00e4sk och r\u00e5r\u00f6rda lingon<br> Veckans husman: K\u00f6ttbullar med gr\u00e4dds\u00e5s och kokt potatis<br> Vegan: Ratatouiile med oumph <\/em><br> <strong>Onsdag<\/strong><br> <em><br> Pankostekt sejfil\u00e9 med dill &amp; citroncr\u00e9me samt kokt potatis+\u00a0 <br> Nattbakad kalv \u201dtri tip\u201d med bl\u00e5b\u00e4rsreduktion &amp; potatisgrat\u00e4ng, <\/em><br> <em>Veckans husman: K\u00f6ttbullar med gr\u00e4dds\u00e5s och kokt potatis<br> Veg: Kr\u00e4mig svampgryta med rotfrukter<\/em><\/p>\n\n\n\n<p><strong>Torsdag<\/strong><\/p>\n\n\n\n<p><em>Kr\u00e4ftans sopp och\npannkaksbuff\u00e9 med sylt och gr\u00e4dde <br>\nKrispig fiskbiff med r\u00f6kt lax, kapris &amp; r\u00f6dl\u00f6k serveras med gr\u00e4ddkokt\npotatis<br>\nLammlasagne med bakad tomat, chevre &amp; honungsrostad mandel &nbsp;<br>\nVeckans husman: K\u00f6ttbullar med\ngr\u00e4dds\u00e5s och kokt potatis<br>\nVegan: B\u00f6ncasserole med sojakorv<\/em><\/p>\n\n\n\n<p>Fredag<\/p>\n\n\n\n<p><em>Citronbakad lax med\nsandefjords\u00e5s, sm\u00f6rstekta sojab\u00f6nor och dillpotatis&nbsp; &nbsp;<\/em><br>\n<em>Helstekt kalvytterfil\u00e9 med kantarells\u00e5s, k\u00f6rsb\u00e4rssky &amp; r\u00e5stekt\npotastis<br>\nVeckans husman: K\u00f6ttbullar med\ngr\u00e4dds\u00e5s och kokt potatis<br>\nVegan: Cajungryta med kokos och ananas <\/em><\/p>\n","protected":false},"excerpt":{"rendered":"<p>M\u00e5ndag Sm\u00f6rconfiterad l\u00e5ngafil\u00e9 med mussels\u00e5s och pommes duchesse \u00a0 Majskycklingfile med dragons\u00e5s och stekt svamp samt stekt potatis Veckans husman: [&hellip;]<\/p>\n","protected":false},"author":1,"featured_media":0,"comment_status":"closed","ping_status":"open","sticky":false,"template":"","format":"standard","meta":{"_monsterinsights_skip_tracking":false,"_monsterinsights_sitenote_active":false,"_monsterinsights_sitenote_note":"","_monsterinsights_sitenote_category":0,"footnotes":""},"categories":[4],"tags":[],"class_list":["post-3766","post","type-post","status-publish","format-standard","hentry","category-menyer"],"_links":{"self":[{"href":"https:\/\/kraftan.nu\/index.php?rest_route=\/wp\/v2\/posts\/3766","targetHints":{"allow":["GET"]}}],"collection":[{"href":"https:\/\/kraftan.nu\/index.php?rest_route=\/wp\/v2\/posts"}],"about":[{"href":"https:\/\/kraftan.nu\/index.php?rest_route=\/wp\/v2\/types\/post"}],"author":[{"embeddable":true,"href":"https:\/\/kraftan.nu\/index.php?rest_route=\/wp\/v2\/users\/1"}],"replies":[{"embeddable":true,"href":"https:\/\/kraftan.nu\/index.php?rest_route=%2Fwp%2Fv2%2Fcomments&post=3766"}],"version-history":[{"count":3,"href":"https:\/\/kraftan.nu\/index.php?rest_route=\/wp\/v2\/posts\/3766\/revisions"}],"predecessor-version":[{"id":3779,"href":"https:\/\/kraftan.nu\/index.php?rest_route=\/wp\/v2\/posts\/3766\/revisions\/3779"}],"wp:attachment":[{"href":"https:\/\/kraftan.nu\/index.php?rest_route=%2Fwp%2Fv2%2Fmedia&parent=3766"}],"wp:term":[{"taxonomy":"category","embeddable":true,"href":"https:\/\/kraftan.nu\/index.php?rest_route=%2Fwp%2Fv2%2Fcategories&post=3766"},{"taxonomy":"post_tag","embeddable":true,"href":"https:\/\/kraftan.nu\/index.php?rest_route=%2Fwp%2Fv2%2Ftags&post=3766"}],"curies":[{"name":"wp","href":"https:\/\/api.w.org\/{rel}","templated":true}]}}