{"id":3421,"date":"2021-08-27T11:05:12","date_gmt":"2021-08-27T11:05:12","guid":{"rendered":"https:\/\/kraftan.nu\/?p=3421"},"modified":"2021-09-02T07:35:27","modified_gmt":"2021-09-02T07:35:27","slug":"lunchmeny-v-35-9","status":"publish","type":"post","link":"https:\/\/kraftan.nu\/?p=3421","title":{"rendered":"Lunchmeny V.35"},"content":{"rendered":"\n<p><\/p>\n\n\n\n<p><strong>M\u00e5ndag<\/strong><br>\n<em>Spenat &amp; v\u00e4sterbottenbakad sejfil\u00e9 med potatispur\u00e9 <br>\nHelstekt ryggbiff med vitl\u00f6kssm\u00f6r, r\u00f6dvinssky och stekt potatis<br>\n<a>Veckans husman:<\/a> Chili con carne med ris <br>\nVegan: Chili sin carne <br>\n<\/em><strong>Tisdag<\/strong><br>\n<em>Halstrad lax med citronhollandaise, sm\u00f6rslungad broccoli och f\u00e4rsk\npotatis <br>\nPannbiff med \u00f6lbr\u00e4sserad l\u00f6k och \u00f6rtpotatispur\u00e9<br>\nVeckans husman: Chili con carne\nmed ris<br>\nVegan: Brynt k\u00e5lgryta med rostad sojaf\u00e4rs <\/em><br>\n<strong>Onsdag<\/strong><br>\n<em>\u00c5ngad kolja med rostad tomats\u00e5s &amp; svamprisotto<\/em><br>\n<a><em>Friterat kycklingl\u00e5r med srirachamajjo,\nlime &amp; honungssirap och fried rice <\/em><\/a><em><br>\nVeckans husman: Chili con carne\nmed ris<\/em><em><br>\nVeg: <\/em><em>H\u00f6stig gryta med\nsvamp och betor<\/em><em><\/em><\/p>\n\n\n\n<p><strong>Torsdag<\/strong><\/p>\n\n\n\n<p><em>\u00c4rtsoppa och pannkaksbuff\u00e9 \u00e4t s\u00e5 mycket du vill<br> Fisk &amp; skaldjursgrat\u00e4ng med kokt potatis<br>Biff Stroganoff med gr\u00e4ddfil och ris<br> Veckans husman: Chili con carne med ris<br> Vegan: Quorn stroganoff<\/em><\/p>\n\n\n\n<p>Fredag<em><\/em><\/p>\n\n\n\n<p><em>\u00c5ngad torsk med brynt\nsm\u00f6r, saffransaioli &amp; skaldjursris <\/em><br>\n<em>L\u00e5ngbakad oxstek med gr\u00e4dds\u00e5s, r\u00e5r\u00f6rda lingon, pressgurka och\nrostad potatis <br>\nVeckans husman: Isterband med\nstuvad potatis och r\u00f6dbetor <br>\nVegan: Black bean cajun <\/em><\/p>\n","protected":false},"excerpt":{"rendered":"<p>M\u00e5ndag Spenat &amp; v\u00e4sterbottenbakad sejfil\u00e9 med potatispur\u00e9 Helstekt ryggbiff med vitl\u00f6kssm\u00f6r, r\u00f6dvinssky och stekt potatis Veckans husman: Chili con carne [&hellip;]<\/p>\n","protected":false},"author":1,"featured_media":0,"comment_status":"closed","ping_status":"open","sticky":false,"template":"","format":"standard","meta":{"_monsterinsights_skip_tracking":false,"_monsterinsights_sitenote_active":false,"_monsterinsights_sitenote_note":"","_monsterinsights_sitenote_category":0,"footnotes":""},"categories":[4],"tags":[],"class_list":["post-3421","post","type-post","status-publish","format-standard","hentry","category-menyer"],"_links":{"self":[{"href":"https:\/\/kraftan.nu\/index.php?rest_route=\/wp\/v2\/posts\/3421","targetHints":{"allow":["GET"]}}],"collection":[{"href":"https:\/\/kraftan.nu\/index.php?rest_route=\/wp\/v2\/posts"}],"about":[{"href":"https:\/\/kraftan.nu\/index.php?rest_route=\/wp\/v2\/types\/post"}],"author":[{"embeddable":true,"href":"https:\/\/kraftan.nu\/index.php?rest_route=\/wp\/v2\/users\/1"}],"replies":[{"embeddable":true,"href":"https:\/\/kraftan.nu\/index.php?rest_route=%2Fwp%2Fv2%2Fcomments&post=3421"}],"version-history":[{"count":3,"href":"https:\/\/kraftan.nu\/index.php?rest_route=\/wp\/v2\/posts\/3421\/revisions"}],"predecessor-version":[{"id":3765,"href":"https:\/\/kraftan.nu\/index.php?rest_route=\/wp\/v2\/posts\/3421\/revisions\/3765"}],"wp:attachment":[{"href":"https:\/\/kraftan.nu\/index.php?rest_route=%2Fwp%2Fv2%2Fmedia&parent=3421"}],"wp:term":[{"taxonomy":"category","embeddable":true,"href":"https:\/\/kraftan.nu\/index.php?rest_route=%2Fwp%2Fv2%2Fcategories&post=3421"},{"taxonomy":"post_tag","embeddable":true,"href":"https:\/\/kraftan.nu\/index.php?rest_route=%2Fwp%2Fv2%2Ftags&post=3421"}],"curies":[{"name":"wp","href":"https:\/\/api.w.org\/{rel}","templated":true}]}}