{"id":3412,"date":"2021-08-09T05:29:26","date_gmt":"2021-08-09T05:29:26","guid":{"rendered":"https:\/\/kraftan.nu\/?p=3412"},"modified":"2021-08-09T05:29:27","modified_gmt":"2021-08-09T05:29:27","slug":"lunchmeny-v-32-4","status":"publish","type":"post","link":"https:\/\/kraftan.nu\/?p=3412","title":{"rendered":"Lunchmeny V.32"},"content":{"rendered":"\n<p><\/p>\n\n\n\n<p>V32<\/p>\n\n\n\n<p><strong>M\u00e5ndag<\/strong><br>\n<em>\u00c5ngad l\u00e4ttrimmad sej med r\u00e4kor, \u00e4gg och pepparrot samt brynt sm\u00f6r\noch kokt potatis<br>\n<a>Krispstekt &nbsp;kycklingl\u00e5r med honung &amp; saffransrippel, majsaioli,\noch fried rice<br>\n&nbsp;Veckans husman: <\/a><a>Pasta med k\u00f6ttf\u00e4rss\u00e5s<br>\n<\/a>Veg: Sojaf\u00e4rsgryta\nmed tomat, majs och vitl\u00f6k&nbsp; <br>\n<\/em><strong>Tisdag<\/strong><br>\n<em>Italiensk fiskgrat\u00e4ng med mascarpone, grana padano och mandel\nserveras med potatispur\u00e9 &nbsp;<br>\nKalvf\u00e4rsbiffar med k\u00f6rsb\u00e4rsgr\u00e4dds\u00e5s, glaserade rotfrukter och r\u00e5stekt potatis<br>\nVeckans husman: Pasta med\nk\u00f6ttf\u00e4rss\u00e5s<br>\nVeg: Tikka masala med blomk\u00e5l och kik\u00e4rtor <\/em><br>\n<strong>Onsdag<\/strong><br>\n<em>\u00c5ngad l\u00e5ngafil\u00e9 med musselvelout\u00e9, broccoli &amp;\nv\u00e4sterbottenpur\u00e9 samt kokt potatis<br>\nL\u00e5gtempad h\u00f6grev med karamelliserad r\u00f6dl\u00f6k &amp; bacon samt r\u00f6dvinss\u00e5s &amp;\npotatisgrat\u00e4ng<br>\nVeckans husman: Pasta med\nk\u00f6ttf\u00e4rss\u00e5s<br>\n<\/em><em>Veg: Quorngryta med\nbrocccoli &amp; v\u00e4sterbottenost<\/em><em><br>\n<\/em><strong>Torsdag<\/strong><\/p>\n\n\n\n<p><em>\u00c4rtsoppa och\npannkaksbuff\u00e9 \u00e4t s\u00e5 mycket du vill<br>\nSydfransk fisk &amp; skaldjursgryta med aioli och f\u00e4rskpotatis<br>\nNattbakad \u201dtri tip\u201d av kalv med bl\u00e5b\u00e4rsreduktion, duxellecr\u00e9me &nbsp;och stekt potatis &nbsp;<br>\nVeckans husman: Pasta med k\u00f6ttf\u00e4rss\u00e5s<br>\nVeg: Chili sin carne med gr\u00e4ddfil &amp; ris <br>\n<\/em><strong>Fredag<\/strong><em><br>\n<\/em><em>Pankostekt fiskburgare med saffransdipp och dillhalstrad\nf\u00e4rskpotatis <br>\nVID FINT V\u00c4DER T\u00c4NDER VI GRILLEN!!<br>\nVitl\u00f6ksmarinerad majskyckling med cole slaw, bbqsky &amp; ugnsrostad potatis <br>\nVeckans husman: Pasta med\nk\u00f6ttf\u00e4rss\u00e5s<br>\nVeg: Grillad Vegoburgare med coleslaw och ugnsrostad potatis<\/em><\/p>\n","protected":false},"excerpt":{"rendered":"<p>V32 M\u00e5ndag \u00c5ngad l\u00e4ttrimmad sej med r\u00e4kor, \u00e4gg och pepparrot samt brynt sm\u00f6r och kokt potatis Krispstekt &nbsp;kycklingl\u00e5r med honung [&hellip;]<\/p>\n","protected":false},"author":1,"featured_media":0,"comment_status":"closed","ping_status":"open","sticky":false,"template":"","format":"standard","meta":{"_monsterinsights_skip_tracking":false,"_monsterinsights_sitenote_active":false,"_monsterinsights_sitenote_note":"","_monsterinsights_sitenote_category":0,"footnotes":""},"categories":[4],"tags":[],"class_list":["post-3412","post","type-post","status-publish","format-standard","hentry","category-menyer"],"_links":{"self":[{"href":"https:\/\/kraftan.nu\/index.php?rest_route=\/wp\/v2\/posts\/3412","targetHints":{"allow":["GET"]}}],"collection":[{"href":"https:\/\/kraftan.nu\/index.php?rest_route=\/wp\/v2\/posts"}],"about":[{"href":"https:\/\/kraftan.nu\/index.php?rest_route=\/wp\/v2\/types\/post"}],"author":[{"embeddable":true,"href":"https:\/\/kraftan.nu\/index.php?rest_route=\/wp\/v2\/users\/1"}],"replies":[{"embeddable":true,"href":"https:\/\/kraftan.nu\/index.php?rest_route=%2Fwp%2Fv2%2Fcomments&post=3412"}],"version-history":[{"count":1,"href":"https:\/\/kraftan.nu\/index.php?rest_route=\/wp\/v2\/posts\/3412\/revisions"}],"predecessor-version":[{"id":3413,"href":"https:\/\/kraftan.nu\/index.php?rest_route=\/wp\/v2\/posts\/3412\/revisions\/3413"}],"wp:attachment":[{"href":"https:\/\/kraftan.nu\/index.php?rest_route=%2Fwp%2Fv2%2Fmedia&parent=3412"}],"wp:term":[{"taxonomy":"category","embeddable":true,"href":"https:\/\/kraftan.nu\/index.php?rest_route=%2Fwp%2Fv2%2Fcategories&post=3412"},{"taxonomy":"post_tag","embeddable":true,"href":"https:\/\/kraftan.nu\/index.php?rest_route=%2Fwp%2Fv2%2Ftags&post=3412"}],"curies":[{"name":"wp","href":"https:\/\/api.w.org\/{rel}","templated":true}]}}