{"id":3409,"date":"2021-07-05T09:03:16","date_gmt":"2021-07-05T09:03:16","guid":{"rendered":"https:\/\/kraftan.nu\/?p=3409"},"modified":"2021-07-05T09:03:17","modified_gmt":"2021-07-05T09:03:17","slug":"lunch-meny-v-27","status":"publish","type":"post","link":"https:\/\/kraftan.nu\/?p=3409","title":{"rendered":"Lunch Meny V.27"},"content":{"rendered":"\n<p><strong>M\u00e5ndag<\/strong><br>\n<em>\u00c5ngad kolja med citrons\u00e5s, stekt sparris och potatispur\u00e9 <br>\nbiff al\u00b4a Lindstr\u00f6m med persiljesm\u00f6r och r\u00e5stekt purjol\u00f6kspotatis<br>\nVeckans husman: kummindoftande gulaschgryta med ris<br>\nVeg: Lins och b\u00f6ngryta med kokos och saffran<br>\n<\/em><strong><br>\nTisdag <\/strong><br>\n<em>Pocherad torsk med brynt kaprissm\u00f6r och r\u00f6dbetor samt kokt\npotatis <\/em><br>\n<em>stekt fl\u00e4skschnitzel med bearnaise och \u00e4rtor stekt potatis<br>\nVeckans husman: kummindoftande\ngulaschgryta med ris<br>\nVeg: Svampgryta med rotfrukter och rostad tomats\u00e5s &amp; parmesans\u00e5s<\/em><\/p>\n\n\n\n<p><strong>Onsdag<\/strong><em><\/em><\/p>\n\n\n\n<p><em>Panko panerad sej med dansk remoulads\u00e5s serveras med koktpotatis <br>\nNattstekt kalvtritip serveras med svartvinb\u00e4rssky och r\u00e5stekt potatis<br>\nVeckans Husman: kummindoftande gulaschgryta och ris<br>\nVeg: Qourngryta med rostade gr\u00f6nsaker och cocosgr\u00e4dde<\/em><\/p>\n\n\n\n<p><strong>Torsdag<\/strong><\/p>\n\n\n\n<p><em>\u00c4rtsoppa och pannkaks buff\u00e9\n\u00e4t s\u00e5 mycket du vill<br>\nLenrimmad l\u00e5ngafil\u00e9 med musselvelout\u00e9, ramsl\u00f6k &amp; mandelpesto samt risotto <br>\nWallenbergare med skirat sm\u00f6r, r\u00e5r\u00f6rda lingon, petit pois och potatispur\u00e9 <br>\nVeckans husman: kummindoftande gulaschgryta\nmed ris<br>\n&nbsp;&nbsp;&nbsp; Veg: Italiensk tomatgryta med\npasta och rostade rotfrukter<\/em><\/p>\n\n\n\n<p><strong>Fredag<\/strong><strong><em><\/em><\/strong><\/p>\n\n\n\n<p><em>&nbsp;Angusburgare med tillbeh\u00f6r serveras med klyftpotatis<br>\nFiskgryta med smak av apelsin och saffran serveras med aioli och kokt potatis<\/em><br>\n<em>Veckans husman: kummindoftande\ngulaschgryta med ris<\/em><em><br>\nVeg: Vegoburgare med tillbeh\u00f6r<\/em><\/p>\n","protected":false},"excerpt":{"rendered":"<p>M\u00e5ndag \u00c5ngad kolja med citrons\u00e5s, stekt sparris och potatispur\u00e9 biff al\u00b4a Lindstr\u00f6m med persiljesm\u00f6r och r\u00e5stekt purjol\u00f6kspotatis Veckans husman: kummindoftande [&hellip;]<\/p>\n","protected":false},"author":1,"featured_media":0,"comment_status":"closed","ping_status":"open","sticky":false,"template":"","format":"standard","meta":{"_monsterinsights_skip_tracking":false,"_monsterinsights_sitenote_active":false,"_monsterinsights_sitenote_note":"","_monsterinsights_sitenote_category":0,"footnotes":""},"categories":[4],"tags":[],"class_list":["post-3409","post","type-post","status-publish","format-standard","hentry","category-menyer"],"_links":{"self":[{"href":"https:\/\/kraftan.nu\/index.php?rest_route=\/wp\/v2\/posts\/3409","targetHints":{"allow":["GET"]}}],"collection":[{"href":"https:\/\/kraftan.nu\/index.php?rest_route=\/wp\/v2\/posts"}],"about":[{"href":"https:\/\/kraftan.nu\/index.php?rest_route=\/wp\/v2\/types\/post"}],"author":[{"embeddable":true,"href":"https:\/\/kraftan.nu\/index.php?rest_route=\/wp\/v2\/users\/1"}],"replies":[{"embeddable":true,"href":"https:\/\/kraftan.nu\/index.php?rest_route=%2Fwp%2Fv2%2Fcomments&post=3409"}],"version-history":[{"count":1,"href":"https:\/\/kraftan.nu\/index.php?rest_route=\/wp\/v2\/posts\/3409\/revisions"}],"predecessor-version":[{"id":3410,"href":"https:\/\/kraftan.nu\/index.php?rest_route=\/wp\/v2\/posts\/3409\/revisions\/3410"}],"wp:attachment":[{"href":"https:\/\/kraftan.nu\/index.php?rest_route=%2Fwp%2Fv2%2Fmedia&parent=3409"}],"wp:term":[{"taxonomy":"category","embeddable":true,"href":"https:\/\/kraftan.nu\/index.php?rest_route=%2Fwp%2Fv2%2Fcategories&post=3409"},{"taxonomy":"post_tag","embeddable":true,"href":"https:\/\/kraftan.nu\/index.php?rest_route=%2Fwp%2Fv2%2Ftags&post=3409"}],"curies":[{"name":"wp","href":"https:\/\/api.w.org\/{rel}","templated":true}]}}