{"id":3404,"date":"2021-06-12T11:28:54","date_gmt":"2021-06-12T11:28:54","guid":{"rendered":"https:\/\/kraftan.nu\/?p=3404"},"modified":"2021-06-12T11:28:55","modified_gmt":"2021-06-12T11:28:55","slug":"lunchmeny-v-24-8","status":"publish","type":"post","link":"https:\/\/kraftan.nu\/?p=3404","title":{"rendered":"Lunchmeny V.24"},"content":{"rendered":"\n<p><strong>M\u00e5ndag<\/strong><br> <em>\u00c5ngad l\u00e4ttrimmad torsk med \u00e4gg &amp; r\u00e4ks\u00e5s samt kokt potatis<br> \u00a0Lammlasagne med chevre och honungsrostad mandel<br> <a>Veckans husman: Stekt fl\u00e4sk med l\u00f6ks\u00e5s<br> <\/a>Veg: Lasagne al forno <br> <\/em><strong>Tisdag<\/strong><br> <em>Italiensk fiskgrat\u00e4ng med mascarpone och basilika serveras med potatispur\u00e9 \u00a0Vildsvinsf\u00e4rsbiff med k\u00f6rsb\u00e4rs\u00e5s, svampkompott och potatisgrat\u00e4ng<br> Veckans husman: Stekt fl\u00e4sk med l\u00f6ks\u00e5s<br> Veg: Sojaf\u00e4rsbiff med sparriss\u00e5s <\/em><br> <strong>Onsdag<\/strong><br> <em>Polentastekt lubbfil\u00e9 med kr\u00e4fts\u00e5s och dillhalstrad f\u00e4rskpotatis<br> Panerad fl\u00e4skchnitzel med bearnaises\u00e5s och r\u00e5stekt potatis<br> Veckans husman: Stekt fl\u00e4sk med l\u00f6ks\u00e5s<br> Veg: Quorn stroganoff med \u00a0ris<\/em><\/p>\n\n\n\n<p><strong>Torsdag<\/strong><\/p>\n\n\n\n<p><em>Sopp och pannkaksbuff\u00e9\n\u00e4t s\u00e5 mycket du vill<br>\nUgnsbakad havskatt med musselvelout\u00e9 &nbsp;<br>\nVitl\u00f6ksstekt majskycklingfil\u00e9 med balsamreduktion, dragonsm\u00f6r och stekt potatis<br>\nVeckans husman Stekt fl\u00e4sk med l\u00f6ks\u00e5s<br>\nVeg: Indisk kik\u00e4rtsgryta med mango, kokos och blomk\u00e5l <\/em><\/p>\n\n\n\n<p>Fredag<em><br>\n<\/em><em>Halstrad gravad lax med dillstuvad potatis samt senap &amp;\nhonungsrippel<br>\nGrillat \u201dh\u00f6grevshj\u00e4rta\u201d med svartpepparsky, r\u00f6dl\u00f6kschutney, tryffelmajjo och\nklyftpotatis<br>\nVeckans husman: Stekt fl\u00e4sk med\nl\u00f6ks\u00e5s<br>\nVeg: Pulled oumph med r\u00f6dl\u00f6kschutney och gr\u00e4ddfil<\/em><em><\/em><\/p>\n\n\n\n<p><\/p>\n","protected":false},"excerpt":{"rendered":"<p>M\u00e5ndag \u00c5ngad l\u00e4ttrimmad torsk med \u00e4gg &amp; r\u00e4ks\u00e5s samt kokt potatis \u00a0Lammlasagne med chevre och honungsrostad mandel Veckans husman: Stekt [&hellip;]<\/p>\n","protected":false},"author":1,"featured_media":0,"comment_status":"closed","ping_status":"open","sticky":false,"template":"","format":"standard","meta":{"_monsterinsights_skip_tracking":false,"_monsterinsights_sitenote_active":false,"_monsterinsights_sitenote_note":"","_monsterinsights_sitenote_category":0,"footnotes":""},"categories":[4],"tags":[],"class_list":["post-3404","post","type-post","status-publish","format-standard","hentry","category-menyer"],"_links":{"self":[{"href":"https:\/\/kraftan.nu\/index.php?rest_route=\/wp\/v2\/posts\/3404","targetHints":{"allow":["GET"]}}],"collection":[{"href":"https:\/\/kraftan.nu\/index.php?rest_route=\/wp\/v2\/posts"}],"about":[{"href":"https:\/\/kraftan.nu\/index.php?rest_route=\/wp\/v2\/types\/post"}],"author":[{"embeddable":true,"href":"https:\/\/kraftan.nu\/index.php?rest_route=\/wp\/v2\/users\/1"}],"replies":[{"embeddable":true,"href":"https:\/\/kraftan.nu\/index.php?rest_route=%2Fwp%2Fv2%2Fcomments&post=3404"}],"version-history":[{"count":1,"href":"https:\/\/kraftan.nu\/index.php?rest_route=\/wp\/v2\/posts\/3404\/revisions"}],"predecessor-version":[{"id":3405,"href":"https:\/\/kraftan.nu\/index.php?rest_route=\/wp\/v2\/posts\/3404\/revisions\/3405"}],"wp:attachment":[{"href":"https:\/\/kraftan.nu\/index.php?rest_route=%2Fwp%2Fv2%2Fmedia&parent=3404"}],"wp:term":[{"taxonomy":"category","embeddable":true,"href":"https:\/\/kraftan.nu\/index.php?rest_route=%2Fwp%2Fv2%2Fcategories&post=3404"},{"taxonomy":"post_tag","embeddable":true,"href":"https:\/\/kraftan.nu\/index.php?rest_route=%2Fwp%2Fv2%2Ftags&post=3404"}],"curies":[{"name":"wp","href":"https:\/\/api.w.org\/{rel}","templated":true}]}}