{"id":3402,"date":"2021-06-05T10:59:07","date_gmt":"2021-06-05T10:59:07","guid":{"rendered":"https:\/\/kraftan.nu\/?p=3402"},"modified":"2021-06-05T10:59:09","modified_gmt":"2021-06-05T10:59:09","slug":"lunchmeny-v-23-7","status":"publish","type":"post","link":"https:\/\/kraftan.nu\/?p=3402","title":{"rendered":"Lunchmeny V.23"},"content":{"rendered":"\n<p><\/p>\n\n\n\n<p><strong>M\u00e5ndag<\/strong><br> <em>\u00c5ngad laxfil\u00e9 med stenbitsromcr\u00e9me och nypotatis<br> \u00a0Chilmarinerad kycklingsteak med sojasky och potatisgrat\u00e4ng<br> <a>Veckans husman: Bratwurst med timjansky och ljummen potatissallad<\/a><br> Veg: Gr\u00f6nsaksragu <br> <\/em><strong>Tisdag<\/strong><br> <em>Parmesangratinerad havskatt serveras med kantarell duchesse och sparris <br> Raggmunkar med stekt rimmat sidfl\u00e4sk och r\u00e5r\u00f6rda lingon <br> Veckans husman: Bratwurst med timjansky och ljummen potatissallad<br> Veg: Tikka masala <\/em><br> <strong>Onsdag<\/strong><br> <em>Pankostekt sejfil\u00e9 med dansk remoulads\u00e5s och kokt potatis<br> Wallenbergare med klassiska tillbeh\u00f6r och potatispur\u00e9<br> Veckans husman: Bratwurst med timjansky och ljummen potatissallad<br> Veg: S\u00f6tpotatisgryta<\/em><\/p>\n\n\n\n<p><strong>Torsdag<\/strong><\/p>\n\n\n\n<p><em>\u00c4rtsoppa och\npannkaksbuff\u00e9 \u00e4t s\u00e5 mycket du vill<br>\nKr\u00e4mig fisk &amp; skaldjursgryta med aioli<br>\nKryddstekt kalvstek med rosepeppars\u00e5s och r\u00e5stekt potatis <br>\nVeckans husman: Bratwurst med timjansky och ljummen potatissallad<br>\nVeg: \u00d6rt &amp; gr\u00f6nsaksragu <\/em><\/p>\n\n\n\n<p>Fredag<em><br>\n<\/em><em>Fiskburgare med saffrandipp och dillhalstrad f\u00e4rskpotatis <br>\nVI GRILLAR!!<br>\nGrillad \u201dkalvpichana\u201d och \u201ddelikatess wurst\u201d med tzatziki, rostad vitl\u00f6kssky,\n\u201dcorn on the cob\u201d och r\u00e5stekt potatis<br>\nVeckans husman: Bratwurst med\ntimjansky och ljummen potatissallad<br>\nVeg: B\u00f6n &amp; linsgryta med tomat &amp; \u00f6rter<\/em><em><\/em><\/p>\n","protected":false},"excerpt":{"rendered":"<p>M\u00e5ndag \u00c5ngad laxfil\u00e9 med stenbitsromcr\u00e9me och nypotatis \u00a0Chilmarinerad kycklingsteak med sojasky och potatisgrat\u00e4ng Veckans husman: Bratwurst med timjansky och ljummen [&hellip;]<\/p>\n","protected":false},"author":1,"featured_media":0,"comment_status":"closed","ping_status":"open","sticky":false,"template":"","format":"standard","meta":{"_monsterinsights_skip_tracking":false,"_monsterinsights_sitenote_active":false,"_monsterinsights_sitenote_note":"","_monsterinsights_sitenote_category":0,"footnotes":""},"categories":[4],"tags":[],"class_list":["post-3402","post","type-post","status-publish","format-standard","hentry","category-menyer"],"_links":{"self":[{"href":"https:\/\/kraftan.nu\/index.php?rest_route=\/wp\/v2\/posts\/3402","targetHints":{"allow":["GET"]}}],"collection":[{"href":"https:\/\/kraftan.nu\/index.php?rest_route=\/wp\/v2\/posts"}],"about":[{"href":"https:\/\/kraftan.nu\/index.php?rest_route=\/wp\/v2\/types\/post"}],"author":[{"embeddable":true,"href":"https:\/\/kraftan.nu\/index.php?rest_route=\/wp\/v2\/users\/1"}],"replies":[{"embeddable":true,"href":"https:\/\/kraftan.nu\/index.php?rest_route=%2Fwp%2Fv2%2Fcomments&post=3402"}],"version-history":[{"count":1,"href":"https:\/\/kraftan.nu\/index.php?rest_route=\/wp\/v2\/posts\/3402\/revisions"}],"predecessor-version":[{"id":3403,"href":"https:\/\/kraftan.nu\/index.php?rest_route=\/wp\/v2\/posts\/3402\/revisions\/3403"}],"wp:attachment":[{"href":"https:\/\/kraftan.nu\/index.php?rest_route=%2Fwp%2Fv2%2Fmedia&parent=3402"}],"wp:term":[{"taxonomy":"category","embeddable":true,"href":"https:\/\/kraftan.nu\/index.php?rest_route=%2Fwp%2Fv2%2Fcategories&post=3402"},{"taxonomy":"post_tag","embeddable":true,"href":"https:\/\/kraftan.nu\/index.php?rest_route=%2Fwp%2Fv2%2Ftags&post=3402"}],"curies":[{"name":"wp","href":"https:\/\/api.w.org\/{rel}","templated":true}]}}