{"id":3400,"date":"2021-05-30T15:39:34","date_gmt":"2021-05-30T15:39:34","guid":{"rendered":"https:\/\/kraftan.nu\/?p=3400"},"modified":"2021-05-30T15:39:35","modified_gmt":"2021-05-30T15:39:35","slug":"lunchmeny-v-22-9","status":"publish","type":"post","link":"https:\/\/kraftan.nu\/?p=3400","title":{"rendered":"Lunchmeny V.22"},"content":{"rendered":"\n<p>V22<\/p>\n\n\n\n<p><strong>M\u00e5ndag<\/strong><br>\n<em>Rimmad l\u00e5ngafil\u00e9 med mandelpesto, vitvinss\u00e5s och kokt potatis<br>\n<a>Krispstekt kycklingl\u00e5r med rostad majsaioli,\napelsinsirap &amp; stekt ris<br>\nVeckans husman:<\/a> Pytt i panna med r\u00f6dbetor &amp;\n\u00e4ggula<br>\nVeg: Quorngryta med rostad blomk\u00e5l och ajvar<br>\n<\/em><strong>Tisdag<\/strong><br>\n<em>\u00c5ngad vildlax med skaldjursr\u00f6ra, glaserade rotfrukter och\nsm\u00f6rslungad potatis&nbsp; <br>\nNattbakad kalv \u201dtri tip\u201d med chorons\u00e5s och r\u00e5stekt potatis<br>\nVeckans husman: Pytt i panna med\nr\u00f6dbetor &amp; \u00e4ggula<br>\nVegan: Brynt k\u00e5lgryta med sojaf\u00e4rs, tomat &amp; \u00f6rter<\/em><br>\n<strong>Onsdag<\/strong><br>\n<em>Pankostekt torsk med citroncr\u00e9me, petit pois och potatispur\u00e9<\/em><br>\n<em>BBQ stekt fl\u00e4skkarr\u00e9 med chipotlesky, rostad paprikamajjo och\nklyftpotatis<\/em><em><br>\nVeckans husman: Pytt i panna med\nr\u00f6dbetor &amp; \u00e4ggula<\/em><em><br>\nVeg: Marockansk kik\u00e4rtsgryta med mandel, kanel, kummin och saffran <\/em><em><\/em><\/p>\n\n\n\n<p><strong>Torsdag<\/strong><\/p>\n\n\n\n<p><em>\u00c4rtsoppa och\npannkaksbuff\u00e9 \u00e4t s\u00e5 mycket du vill<br>\nParmesanstekt sej med rostad tomats\u00e5s och rispilaff <br>\nL\u00e5ngbakad h\u00f6grev med balsamicoreduktion och potatisgrat\u00e4ng &nbsp;<\/em><strong><br>\n<\/strong><em>Veckans husman: Pytt i panna\nmed r\u00f6dbetor &amp; \u00e4ggula<\/em><em><br>\nVeg: Linsgryta med s\u00f6tpotatis, ananas, kokos och mango<\/em><\/p>\n\n\n\n<p>Fredag<em><\/em><\/p>\n\n\n\n<p><em>Fisk &amp;\nskaldjursgrat\u00e4ng med pr\u00e4stostduchesse&nbsp; <\/em><br>\n<em>Grillbuff\u00e9 med hamburgare, fl\u00e4skfile och kyckling samt goda\ntillbeh\u00f6r<br>\nVid fint v\u00e4der t\u00e4nder vi grillen!!<br>\nVeckans husman fr\u00e5n k\u00f6ket: Pytt\ni panna med r\u00f6dbetor &amp; \u00e4ggula <br>\nVeg: Vegoburgare med tillbeh\u00f6r <\/em><\/p>\n","protected":false},"excerpt":{"rendered":"<p>V22 M\u00e5ndag Rimmad l\u00e5ngafil\u00e9 med mandelpesto, vitvinss\u00e5s och kokt potatis Krispstekt kycklingl\u00e5r med rostad majsaioli, apelsinsirap &amp; stekt ris Veckans [&hellip;]<\/p>\n","protected":false},"author":1,"featured_media":0,"comment_status":"closed","ping_status":"open","sticky":false,"template":"","format":"standard","meta":{"_monsterinsights_skip_tracking":false,"_monsterinsights_sitenote_active":false,"_monsterinsights_sitenote_note":"","_monsterinsights_sitenote_category":0,"footnotes":""},"categories":[4],"tags":[],"class_list":["post-3400","post","type-post","status-publish","format-standard","hentry","category-menyer"],"_links":{"self":[{"href":"https:\/\/kraftan.nu\/index.php?rest_route=\/wp\/v2\/posts\/3400","targetHints":{"allow":["GET"]}}],"collection":[{"href":"https:\/\/kraftan.nu\/index.php?rest_route=\/wp\/v2\/posts"}],"about":[{"href":"https:\/\/kraftan.nu\/index.php?rest_route=\/wp\/v2\/types\/post"}],"author":[{"embeddable":true,"href":"https:\/\/kraftan.nu\/index.php?rest_route=\/wp\/v2\/users\/1"}],"replies":[{"embeddable":true,"href":"https:\/\/kraftan.nu\/index.php?rest_route=%2Fwp%2Fv2%2Fcomments&post=3400"}],"version-history":[{"count":1,"href":"https:\/\/kraftan.nu\/index.php?rest_route=\/wp\/v2\/posts\/3400\/revisions"}],"predecessor-version":[{"id":3401,"href":"https:\/\/kraftan.nu\/index.php?rest_route=\/wp\/v2\/posts\/3400\/revisions\/3401"}],"wp:attachment":[{"href":"https:\/\/kraftan.nu\/index.php?rest_route=%2Fwp%2Fv2%2Fmedia&parent=3400"}],"wp:term":[{"taxonomy":"category","embeddable":true,"href":"https:\/\/kraftan.nu\/index.php?rest_route=%2Fwp%2Fv2%2Fcategories&post=3400"},{"taxonomy":"post_tag","embeddable":true,"href":"https:\/\/kraftan.nu\/index.php?rest_route=%2Fwp%2Fv2%2Ftags&post=3400"}],"curies":[{"name":"wp","href":"https:\/\/api.w.org\/{rel}","templated":true}]}}