{"id":3396,"date":"2021-05-12T11:27:45","date_gmt":"2021-05-12T11:27:45","guid":{"rendered":"https:\/\/kraftan.nu\/?p=3396"},"modified":"2021-05-12T11:27:46","modified_gmt":"2021-05-12T11:27:46","slug":"lunchmeny-v20","status":"publish","type":"post","link":"https:\/\/kraftan.nu\/?p=3396","title":{"rendered":"Lunchmeny V20"},"content":{"rendered":"\n<p>V 20 <\/p>\n\n\n\n<p><strong>M\u00e5ndag<\/strong><br>\n<em>V\u00e4sterbottengratinerad sejfil\u00e9 med \u00e4rt &amp; dillpur\u00e9 samt\nkokt potatis<br>\nPepparstekt majskyckling med apelsins\u00e5s och potatisgrat\u00e4ng<br>\n<a>Veckans husman:<\/a> Lammlasagne med chevr\u00e9 och\nhonungsrostad mandel<br>\nVeg: Svamp &amp; rotfruktsgryta<br>\n<\/em><strong>Tisdag<\/strong><br>\n<em>L\u00e4ttrimmad l\u00e5nga &nbsp;med hummers\u00e5s,\nsyltad l\u00f6k, skaldjurshack och kokt potatis<br>\nRaggmunkar med stekt rimmat sidfl\u00e4sk och r\u00e5r\u00f6rda lingon <br>\nVeckans husman: Lammlasagne med chevr\u00e9 och honungsrostad mandel<br>\nVeg: Brynt k\u00e5lgryta med rostad vitl\u00f6k, rosmarin och \u00e4pple<\/em><br>\n<strong>Onsdag<\/strong><br>\n<em>Ugnsbakad lax med hollandaises\u00e5s, stekt svartrot och pommes\nduchesse&nbsp; <\/em><br>\n<em>Porterstek med porters\u00e5s, pressgurka, svartvinb\u00e4rsgel\u00e9 och\npotatispur\u00e9<br>\nVeckans husman: Lammlasagne med\nchevr\u00e9 och honungsrostad mandel<\/em><em><br>\nVeg: B\u00f6n ratatouille <\/em><em><\/em><\/p>\n\n\n\n<p><strong>Torsdag<\/strong><\/p>\n\n\n\n<p><em>\u00c4rtsoppa och\npannkaksbuff\u00e9 \u00e4t s\u00e5 mycket du vill<br>\nSaffransdoftande fisk &amp; skaldjursgryta med aioli <br>\n<\/em><em>Biff Lindstr\u00f6m med vitl\u00f6kssm\u00f6r, r\u00f6dvinss\u00e5s och r\u00e5stekt potatis<br>\n<\/em><strong>&nbsp;&nbsp;<\/strong><em>Veckans\nhusman: Lammlasagne med chevr\u00e9 och honungsrostad mandel<\/em><em><br>\nVeg: Morotsgryta med apelsin och ingef\u00e4ra<\/em><\/p>\n\n\n\n<p>Fredag<em><\/em><\/p>\n\n\n\n<p><em>Havets Wallenbergare\nmed brynt sm\u00f6r, gr\u00f6na \u00e4rtor och potatispur\u00e9 <\/em><br>\n<em>Black Angus burger buff\u00e9 med tillbeh\u00f6r och kryddrostad\nklyftpotatis<br>\nVeckans husman: Lammlasagne med\nchevr\u00e9 och honungsrostad mandel <br>\nVeg: Burgarbuff\u00e9 <\/em><\/p>\n","protected":false},"excerpt":{"rendered":"<p>V 20 M\u00e5ndag V\u00e4sterbottengratinerad sejfil\u00e9 med \u00e4rt &amp; dillpur\u00e9 samt kokt potatis Pepparstekt majskyckling med apelsins\u00e5s och potatisgrat\u00e4ng Veckans husman: [&hellip;]<\/p>\n","protected":false},"author":1,"featured_media":0,"comment_status":"closed","ping_status":"open","sticky":false,"template":"","format":"standard","meta":{"_monsterinsights_skip_tracking":false,"_monsterinsights_sitenote_active":false,"_monsterinsights_sitenote_note":"","_monsterinsights_sitenote_category":0,"footnotes":""},"categories":[4],"tags":[],"class_list":["post-3396","post","type-post","status-publish","format-standard","hentry","category-menyer"],"_links":{"self":[{"href":"https:\/\/kraftan.nu\/index.php?rest_route=\/wp\/v2\/posts\/3396","targetHints":{"allow":["GET"]}}],"collection":[{"href":"https:\/\/kraftan.nu\/index.php?rest_route=\/wp\/v2\/posts"}],"about":[{"href":"https:\/\/kraftan.nu\/index.php?rest_route=\/wp\/v2\/types\/post"}],"author":[{"embeddable":true,"href":"https:\/\/kraftan.nu\/index.php?rest_route=\/wp\/v2\/users\/1"}],"replies":[{"embeddable":true,"href":"https:\/\/kraftan.nu\/index.php?rest_route=%2Fwp%2Fv2%2Fcomments&post=3396"}],"version-history":[{"count":1,"href":"https:\/\/kraftan.nu\/index.php?rest_route=\/wp\/v2\/posts\/3396\/revisions"}],"predecessor-version":[{"id":3397,"href":"https:\/\/kraftan.nu\/index.php?rest_route=\/wp\/v2\/posts\/3396\/revisions\/3397"}],"wp:attachment":[{"href":"https:\/\/kraftan.nu\/index.php?rest_route=%2Fwp%2Fv2%2Fmedia&parent=3396"}],"wp:term":[{"taxonomy":"category","embeddable":true,"href":"https:\/\/kraftan.nu\/index.php?rest_route=%2Fwp%2Fv2%2Fcategories&post=3396"},{"taxonomy":"post_tag","embeddable":true,"href":"https:\/\/kraftan.nu\/index.php?rest_route=%2Fwp%2Fv2%2Ftags&post=3396"}],"curies":[{"name":"wp","href":"https:\/\/api.w.org\/{rel}","templated":true}]}}