{"id":3384,"date":"2021-04-16T10:44:07","date_gmt":"2021-04-16T10:44:07","guid":{"rendered":"https:\/\/kraftan.nu\/?p=3384"},"modified":"2021-04-16T10:44:08","modified_gmt":"2021-04-16T10:44:08","slug":"lunchmeny-v-16-8","status":"publish","type":"post","link":"https:\/\/kraftan.nu\/?p=3384","title":{"rendered":"Lunchmeny V.16"},"content":{"rendered":"\n<p><strong>M\u00e5ndag<\/strong><br>\n<em>Pankostekt torsk med citroncr\u00e9me, sm\u00f6rslungade sojab\u00f6nor och\nkokt potatis<br>\n&nbsp;Helstekt ryggbiff med r\u00f6dvinss\u00e5s, l\u00f6k\n&amp; baconfr\u00e4s samt potatispur\u00e8<br>\n<a>Veckans husman: <\/a><a>Viltskavsgryta\nmed r\u00e5r\u00f6rda lingon<br>\n<\/a>Veg: Rotfruktsgryta med kokos &amp; mandel<br>\n<\/em><strong>Tisdag<\/strong><br>\n<em>Parmesangratinerad l\u00e5ngafil\u00e9 serveras med kantarellduchesse <br>\nRaggmunkar med stekt rimmat sidfl\u00e4sk och r\u00e5r\u00f6rda lingon <br>\nVeckans husman: Viltskavsgryta\nmed r\u00e5r\u00f6rda lingon<br>\nVeg: Tikka masala <\/em><br>\n<strong>Onsdag<\/strong><br>\n<em>Anjovisstekt sejfil\u00e9 med gr\u00e4ddkokt l\u00f6k, sm\u00f6rslungade\nsocker\u00e4rtor och kokt potatis<\/em><br>\n<em>Mixed grill med bearnaises\u00e5s, peppars\u00e5s, grilltomat &amp;\npotatisgrat\u00e4ng <br>\nVeckans husman: Viltskavsgryta\nmed r\u00e5r\u00f6rda lingon<\/em><em><br>\nVeg: S\u00f6tpotatisgryta<\/em><em><\/em><\/p>\n\n\n\n<p><strong>Torsdag<\/strong><\/p>\n\n\n\n<p><em>\u00c4rtsoppa och\npannkaksbuff\u00e9 \u00e4t s\u00e5 mycket du vill<br>\n\u00c5ngad kolja med saffrans\u00e5s, och dillslungad potatis<br>\nKrispstekt cajunkyckling med rostad majsaioli, s\u00f6tsur rippel och brynt\nmandelris<br>\nVeckans husman: Viltskavsgryta med r\u00e5r\u00f6rda lingon<br>\nVeg: \u00d6rt &amp; gr\u00f6nsaksragu <\/em>\n\nFredag<em><br>\nTeriyaki\nlax \u201daburi\u201d med wasabimajjo och \u00e4ggnudlelsallad<br>\n&nbsp;Lammf\u00e4rsbiff med tzatziki, rostad\nvitl\u00f6kssky och r\u00e5stekt potatis<br>\nVeckans husman: Viltskavsgryta\nmed r\u00e5r\u00f6rda lingon<br>\nVeg: B\u00f6n &amp; linsgryta med tomat &amp; \u00f6rter<\/em><\/p>\n","protected":false},"excerpt":{"rendered":"<p>M\u00e5ndag Pankostekt torsk med citroncr\u00e9me, sm\u00f6rslungade sojab\u00f6nor och kokt potatis &nbsp;Helstekt ryggbiff med r\u00f6dvinss\u00e5s, l\u00f6k &amp; baconfr\u00e4s samt potatispur\u00e8 Veckans [&hellip;]<\/p>\n","protected":false},"author":1,"featured_media":0,"comment_status":"closed","ping_status":"open","sticky":false,"template":"","format":"standard","meta":{"_monsterinsights_skip_tracking":false,"_monsterinsights_sitenote_active":false,"_monsterinsights_sitenote_note":"","_monsterinsights_sitenote_category":0,"footnotes":""},"categories":[4],"tags":[],"class_list":["post-3384","post","type-post","status-publish","format-standard","hentry","category-menyer"],"_links":{"self":[{"href":"https:\/\/kraftan.nu\/index.php?rest_route=\/wp\/v2\/posts\/3384","targetHints":{"allow":["GET"]}}],"collection":[{"href":"https:\/\/kraftan.nu\/index.php?rest_route=\/wp\/v2\/posts"}],"about":[{"href":"https:\/\/kraftan.nu\/index.php?rest_route=\/wp\/v2\/types\/post"}],"author":[{"embeddable":true,"href":"https:\/\/kraftan.nu\/index.php?rest_route=\/wp\/v2\/users\/1"}],"replies":[{"embeddable":true,"href":"https:\/\/kraftan.nu\/index.php?rest_route=%2Fwp%2Fv2%2Fcomments&post=3384"}],"version-history":[{"count":1,"href":"https:\/\/kraftan.nu\/index.php?rest_route=\/wp\/v2\/posts\/3384\/revisions"}],"predecessor-version":[{"id":3385,"href":"https:\/\/kraftan.nu\/index.php?rest_route=\/wp\/v2\/posts\/3384\/revisions\/3385"}],"wp:attachment":[{"href":"https:\/\/kraftan.nu\/index.php?rest_route=%2Fwp%2Fv2%2Fmedia&parent=3384"}],"wp:term":[{"taxonomy":"category","embeddable":true,"href":"https:\/\/kraftan.nu\/index.php?rest_route=%2Fwp%2Fv2%2Fcategories&post=3384"},{"taxonomy":"post_tag","embeddable":true,"href":"https:\/\/kraftan.nu\/index.php?rest_route=%2Fwp%2Fv2%2Ftags&post=3384"}],"curies":[{"name":"wp","href":"https:\/\/api.w.org\/{rel}","templated":true}]}}