{"id":3374,"date":"2021-03-26T13:56:06","date_gmt":"2021-03-26T13:56:06","guid":{"rendered":"https:\/\/kraftan.nu\/?p=3374"},"modified":"2021-03-26T13:56:07","modified_gmt":"2021-03-26T13:56:07","slug":"lunchmeny-v-13-8","status":"publish","type":"post","link":"https:\/\/kraftan.nu\/?p=3374","title":{"rendered":"Lunchmeny V.13"},"content":{"rendered":"\n<p><\/p>\n\n\n\n<p><strong>M\u00e5ndag<\/strong><br>\n<em>\u00c5ngad l\u00e5nga med sm\u00f6rad vitvinss\u00e5s, svampkompott och pommes\nduschesse<br>\n<a>Pannbiff med stekt l\u00f6k, r\u00f6dvinss\u00e5s och stekt potatis<br>\nVeckans husman: <\/a>Biff stroganoff med gr\u00e4ddfil och\nsaltgurka<br>\nVegan: Rostad quorngryta<br>\n<\/em><strong>Tisdag<\/strong><br>\n<em>Halstrad regnb\u00e5gslax med citronhollandaise och dillpotatis<br>\nRaggmunkar med stekt rimmat\nsidfl\u00e4sk och r\u00e5r\u00f6rda lingon<br>\nVeckans husman fr\u00e5n k\u00f6ket: Biff stroganoff med gr\u00e4ddfil och saltgurka<br>\nVegan: Casserole p\u00e5 r\u00f6dk\u00e5l, blomk\u00e5l och honung<\/em><br>\n<strong>Onsdag<\/strong><br>\n<em>Sydfransk fisk &amp; skaldjursgryta med aioli och saffransris<\/em><br>\n<em>Tri tip av kalv med gr\u00f6npeppars\u00e5s, sm\u00f6rslungad broccoli och stekt\npotatis<br>\nVeckans husman fr\u00e5n k\u00f6ket: Biff\nstroganoff med gr\u00e4ddfil och saltgurka<\/em><em><br>\nVegan: Tacogryta med gr\u00e4ddfil och nachos <\/em><em><\/em><\/p>\n\n\n\n<p><strong>Torsdag<\/strong><\/p>\n\n\n\n<p><em>\u00c4rtsoppa och\npannkaksbuff\u00e9 \u00e4t s\u00e5 mycket du vill <br>\n\u00c5ngad kolja med \u00e4gg &amp; r\u00e4ks\u00e5s serveras med kokt potatis<br>\nCitron &amp; honungsstekt majskycklingfil\u00e9 med balsamicos\u00e5s och \u00f6rtpotatispur\u00e9<br>\nVeckans husman fr\u00e5n k\u00f6ket: Biff\nstroganoff med gr\u00e4ddfil och saltgurka<br>\nVegan: Indisk linsgryta<\/em><\/p>\n\n\n\n<p>Fredag<em><\/em><\/p>\n\n\n\n<p><em>ST\u00c4NGT<\/em><\/p>\n\n\n\n<p><em>GLAD P\u00c5SK!!<\/em><\/p>\n","protected":false},"excerpt":{"rendered":"<p>M\u00e5ndag \u00c5ngad l\u00e5nga med sm\u00f6rad vitvinss\u00e5s, svampkompott och pommes duschesse Pannbiff med stekt l\u00f6k, r\u00f6dvinss\u00e5s och stekt potatis Veckans husman: [&hellip;]<\/p>\n","protected":false},"author":1,"featured_media":0,"comment_status":"closed","ping_status":"open","sticky":false,"template":"","format":"standard","meta":{"_monsterinsights_skip_tracking":false,"_monsterinsights_sitenote_active":false,"_monsterinsights_sitenote_note":"","_monsterinsights_sitenote_category":0,"footnotes":""},"categories":[4],"tags":[],"class_list":["post-3374","post","type-post","status-publish","format-standard","hentry","category-menyer"],"_links":{"self":[{"href":"https:\/\/kraftan.nu\/index.php?rest_route=\/wp\/v2\/posts\/3374","targetHints":{"allow":["GET"]}}],"collection":[{"href":"https:\/\/kraftan.nu\/index.php?rest_route=\/wp\/v2\/posts"}],"about":[{"href":"https:\/\/kraftan.nu\/index.php?rest_route=\/wp\/v2\/types\/post"}],"author":[{"embeddable":true,"href":"https:\/\/kraftan.nu\/index.php?rest_route=\/wp\/v2\/users\/1"}],"replies":[{"embeddable":true,"href":"https:\/\/kraftan.nu\/index.php?rest_route=%2Fwp%2Fv2%2Fcomments&post=3374"}],"version-history":[{"count":1,"href":"https:\/\/kraftan.nu\/index.php?rest_route=\/wp\/v2\/posts\/3374\/revisions"}],"predecessor-version":[{"id":3375,"href":"https:\/\/kraftan.nu\/index.php?rest_route=\/wp\/v2\/posts\/3374\/revisions\/3375"}],"wp:attachment":[{"href":"https:\/\/kraftan.nu\/index.php?rest_route=%2Fwp%2Fv2%2Fmedia&parent=3374"}],"wp:term":[{"taxonomy":"category","embeddable":true,"href":"https:\/\/kraftan.nu\/index.php?rest_route=%2Fwp%2Fv2%2Fcategories&post=3374"},{"taxonomy":"post_tag","embeddable":true,"href":"https:\/\/kraftan.nu\/index.php?rest_route=%2Fwp%2Fv2%2Ftags&post=3374"}],"curies":[{"name":"wp","href":"https:\/\/api.w.org\/{rel}","templated":true}]}}