{"id":2291,"date":"2021-03-19T10:32:56","date_gmt":"2021-03-19T10:32:56","guid":{"rendered":"https:\/\/kraftan.nu\/?p=2291"},"modified":"2021-03-19T10:32:57","modified_gmt":"2021-03-19T10:32:57","slug":"lunchmeny-v-12-7","status":"publish","type":"post","link":"https:\/\/kraftan.nu\/?p=2291","title":{"rendered":"Lunchmeny V.12"},"content":{"rendered":"\n<p><\/p>\n\n\n\n<p>V12<\/p>\n\n\n\n<p><strong>M\u00e5ndag<\/strong><br>\n<em>Skaldjursfylld flundrafil\u00e9 med musselvelout\u00e9 och pommes\nduchesse &nbsp;<br>\nIberico fl\u00e4skfil\u00e9 &nbsp;\u201dcouer de provencale\u201d\nmed vitl\u00f6kssm\u00f6r och vitl\u00f6ksstekt potatis<br>\nVeckans husman: Rimmad oxbringa med pepparrotss\u00e5s och kokt potatis<br>\nVeg: Svampgryta med rotfrukter och betor<br>\n<\/em><strong>Tisdag<\/strong><br>\n<em>Teriyakilax med srirachamajjo och glasnudelsallad med nuoc\nnam cham<br>\nNattbakad rostbiff av g\u00f6dkalv med r\u00f6dvinscr\u00e9me och r\u00e5stekt potatis<br>\nVeckans husman: Rimmad oxbringa\nmed pepparrotss\u00e5s och kokt potatis <br>\nVeg: Lins och b\u00f6ngryta med saffran och vitt vin <\/em><br>\n<strong>Onsdag<\/strong><br>\n<em>L\u00f6k &amp; pankostekt fiskfil\u00e9 med kr\u00e4ftans skaldjursr\u00f6ra och\ndillhalstrad potatis<\/em><br>\n<em>Fransk Oxgryta med dijon, gr\u00e4dde och svamp samt pilaffris<br>\nVeckans husman: Rimmad oxbringa\nmed pepparrotss\u00e5s och kokt potatis <br>\n<\/em><em>Veg: Pulled Oumph <\/em><em><\/em><\/p>\n\n\n\n<p><strong>Torsdag<\/strong><\/p>\n\n\n\n<p><em>\u00c4rtsoppa och\npannkaksbuff\u00e9 \u00e4t s\u00e5 mycket du vill<br>\nTorskrygg \u201dFlorentine\u201dmed parmesankryddad potatispur\u00e9<br>\nWienerschnitzel med tillbeh\u00f6r och stekt potatis<br>\nVeckans husman: Rimmad oxbringa\nmed pepparrotss\u00e5s och kokt potatis<br>\n&nbsp;&nbsp;&nbsp; Veg: Rostad rotfruktsgryta<\/em><\/p>\n\n\n\n<p>Fredag<\/p>\n\n\n\n<p><em>Helstekt kalvytterfil\u00e9 med svartpeppar &amp; bl\u00e5b\u00e4rsreduktion samt potatisgrat\u00e4ng<br> R\u00f6kt lax p\u00e5 toast med pepparrotscr\u00e9me, 64 grader \u00e4gg, sikrom och klyft potatis<\/em><br><em>Veckans husman: Rimmad oxbringa med pepparrotss\u00e5s och kokt potatis \u00a0\u00a0\u00a0\u00a0<br> Veg: Black bean cajun <\/em><\/p>\n","protected":false},"excerpt":{"rendered":"<p>V12 M\u00e5ndag Skaldjursfylld flundrafil\u00e9 med musselvelout\u00e9 och pommes duchesse &nbsp; Iberico fl\u00e4skfil\u00e9 &nbsp;\u201dcouer de provencale\u201d med vitl\u00f6kssm\u00f6r och vitl\u00f6ksstekt potatis [&hellip;]<\/p>\n","protected":false},"author":1,"featured_media":0,"comment_status":"closed","ping_status":"open","sticky":false,"template":"","format":"standard","meta":{"_monsterinsights_skip_tracking":false,"_monsterinsights_sitenote_active":false,"_monsterinsights_sitenote_note":"","_monsterinsights_sitenote_category":0,"footnotes":""},"categories":[4],"tags":[],"class_list":["post-2291","post","type-post","status-publish","format-standard","hentry","category-menyer"],"_links":{"self":[{"href":"https:\/\/kraftan.nu\/index.php?rest_route=\/wp\/v2\/posts\/2291","targetHints":{"allow":["GET"]}}],"collection":[{"href":"https:\/\/kraftan.nu\/index.php?rest_route=\/wp\/v2\/posts"}],"about":[{"href":"https:\/\/kraftan.nu\/index.php?rest_route=\/wp\/v2\/types\/post"}],"author":[{"embeddable":true,"href":"https:\/\/kraftan.nu\/index.php?rest_route=\/wp\/v2\/users\/1"}],"replies":[{"embeddable":true,"href":"https:\/\/kraftan.nu\/index.php?rest_route=%2Fwp%2Fv2%2Fcomments&post=2291"}],"version-history":[{"count":1,"href":"https:\/\/kraftan.nu\/index.php?rest_route=\/wp\/v2\/posts\/2291\/revisions"}],"predecessor-version":[{"id":2292,"href":"https:\/\/kraftan.nu\/index.php?rest_route=\/wp\/v2\/posts\/2291\/revisions\/2292"}],"wp:attachment":[{"href":"https:\/\/kraftan.nu\/index.php?rest_route=%2Fwp%2Fv2%2Fmedia&parent=2291"}],"wp:term":[{"taxonomy":"category","embeddable":true,"href":"https:\/\/kraftan.nu\/index.php?rest_route=%2Fwp%2Fv2%2Fcategories&post=2291"},{"taxonomy":"post_tag","embeddable":true,"href":"https:\/\/kraftan.nu\/index.php?rest_route=%2Fwp%2Fv2%2Ftags&post=2291"}],"curies":[{"name":"wp","href":"https:\/\/api.w.org\/{rel}","templated":true}]}}