{"id":2289,"date":"2021-03-12T13:28:22","date_gmt":"2021-03-12T13:28:22","guid":{"rendered":"https:\/\/kraftan.nu\/?p=2289"},"modified":"2021-03-12T13:28:23","modified_gmt":"2021-03-12T13:28:23","slug":"lunchmeny-v-11-6","status":"publish","type":"post","link":"https:\/\/kraftan.nu\/?p=2289","title":{"rendered":"Lunchmeny V.11"},"content":{"rendered":"\n<p>V11<\/p>\n\n\n\n<p><strong>M\u00e5ndag<\/strong><br>\n<em>V\u00e4sterbottengratinerad sejfil\u00e9 med \u00e4rt &amp; dillpur\u00e9 samt\nkokt potatis<br>\nHjortf\u00e4rsbiff med r\u00f6nnb\u00e4rgr\u00e4dds\u00e5s, r\u00e5r\u00f6rda lingon och potatispur\u00e9<br>\n<a>Veckans husman:<\/a> Isterband med persiljestuvad potatis\noch r\u00f6dbetor<br>\nVegan: Svamp &amp; rotfruktsgryta<br>\n<\/em><strong>Tisdag<\/strong><br>\n<em>L\u00e4ttrimmad l\u00e5nga &nbsp;med hummers\u00e5s,\nsyltad l\u00f6k, skaldjurshack och kokt potatis<br>\nRaggmunkar med rimmat sidfl\u00e4sk och r\u00e5r\u00f6rda lingon<br>\nVeckans husman: Isterband med persiljestuvad\npotatis och r\u00f6dbetor <br>\nVegan: Brynt k\u00e5lgryta med rostad vitl\u00f6k<\/em><br>\n<strong>Onsdag<\/strong><br>\n<em>Ugnsbakad lax med hollandaises\u00e5s, stekt svartrot och pommes\nduchesse&nbsp; <\/em><br>\n<em>Pepparstekt majskyckling med apelsins\u00e5s och potatisgrat\u00e4ng <br>\nVeckans husman: Isterband med persiljestuvad\npotatis och r\u00f6dbetor<\/em><em> <br>\nVeg: B\u00f6n ratatouille <\/em><em><\/em><\/p>\n\n\n\n<p><strong>Torsdag<\/strong><\/p>\n\n\n\n<p><em>\u00c4rtsoppa och\npannkaksbuff\u00e9 \u00e4t s\u00e5 mycket du vill<br>\nParmesanstekt sejfil\u00e9 med rostad tomats\u00e5s och rispilaff <br>\n<\/em><em>BBQ stekt fl\u00e4skkarr\u00e9 med chipotlesky, palsternacksaioli och\nklyft potatis<\/em><strong> &nbsp;<\/strong><em>Veckans\nhusman: Isterband med stuvad potatis och r\u00f6dbetor<\/em><em>&nbsp;&nbsp;&nbsp; <br>\nVegan: Morotsgryta med apelsin och ingef\u00e4ra<\/em><\/p>\n\n\n\n<p>Fredag<em><\/em><\/p>\n\n\n\n<p><em>Spr\u00f6dstekt torsk med sauce\nverte, socker\u00e4rtor och kokt potatis<\/em><br>\n<em>Porterstek med porters\u00e5s, brysselk\u00e5l, svartvinb\u00e4rsgel\u00e9 och\npotatispur\u00e9<br>\nVeckans husman fr\u00e5n k\u00f6ket:\nIsterband med stuvad potatis och r\u00f6dbetor &nbsp;&nbsp;&nbsp;&nbsp;Vegan: Black bean cajun <\/em><\/p>\n","protected":false},"excerpt":{"rendered":"<p>V11 M\u00e5ndag V\u00e4sterbottengratinerad sejfil\u00e9 med \u00e4rt &amp; dillpur\u00e9 samt kokt potatis Hjortf\u00e4rsbiff med r\u00f6nnb\u00e4rgr\u00e4dds\u00e5s, r\u00e5r\u00f6rda lingon och potatispur\u00e9 Veckans husman: [&hellip;]<\/p>\n","protected":false},"author":1,"featured_media":0,"comment_status":"closed","ping_status":"open","sticky":false,"template":"","format":"standard","meta":{"_monsterinsights_skip_tracking":false,"_monsterinsights_sitenote_active":false,"_monsterinsights_sitenote_note":"","_monsterinsights_sitenote_category":0,"footnotes":""},"categories":[4],"tags":[],"class_list":["post-2289","post","type-post","status-publish","format-standard","hentry","category-menyer"],"_links":{"self":[{"href":"https:\/\/kraftan.nu\/index.php?rest_route=\/wp\/v2\/posts\/2289","targetHints":{"allow":["GET"]}}],"collection":[{"href":"https:\/\/kraftan.nu\/index.php?rest_route=\/wp\/v2\/posts"}],"about":[{"href":"https:\/\/kraftan.nu\/index.php?rest_route=\/wp\/v2\/types\/post"}],"author":[{"embeddable":true,"href":"https:\/\/kraftan.nu\/index.php?rest_route=\/wp\/v2\/users\/1"}],"replies":[{"embeddable":true,"href":"https:\/\/kraftan.nu\/index.php?rest_route=%2Fwp%2Fv2%2Fcomments&post=2289"}],"version-history":[{"count":1,"href":"https:\/\/kraftan.nu\/index.php?rest_route=\/wp\/v2\/posts\/2289\/revisions"}],"predecessor-version":[{"id":2290,"href":"https:\/\/kraftan.nu\/index.php?rest_route=\/wp\/v2\/posts\/2289\/revisions\/2290"}],"wp:attachment":[{"href":"https:\/\/kraftan.nu\/index.php?rest_route=%2Fwp%2Fv2%2Fmedia&parent=2289"}],"wp:term":[{"taxonomy":"category","embeddable":true,"href":"https:\/\/kraftan.nu\/index.php?rest_route=%2Fwp%2Fv2%2Fcategories&post=2289"},{"taxonomy":"post_tag","embeddable":true,"href":"https:\/\/kraftan.nu\/index.php?rest_route=%2Fwp%2Fv2%2Ftags&post=2289"}],"curies":[{"name":"wp","href":"https:\/\/api.w.org\/{rel}","templated":true}]}}