{"id":2287,"date":"2021-03-08T07:39:59","date_gmt":"2021-03-08T07:39:59","guid":{"rendered":"https:\/\/kraftan.nu\/?p=2287"},"modified":"2021-03-08T07:40:00","modified_gmt":"2021-03-08T07:40:00","slug":"lunchmeny-v-10-6","status":"publish","type":"post","link":"https:\/\/kraftan.nu\/?p=2287","title":{"rendered":"Lunchmeny V.10"},"content":{"rendered":"\n<p>V10<\/p>\n\n\n\n<p><strong>M\u00e5ndag <\/strong><br>\n<em>Pannstekt sejfil\u00e9 med rostad paprika och tomats\u00e5s serveras\nmed risotto <br>\nViltk\u00f6ttbullar med gr\u00e4dds\u00e5s, r\u00e5r\u00f6rda lingon, pressgurka och potatispur\u00e9<br>\n<a>Veckans husman: <\/a>Viltskavsgryta med potatispur\u00e9 och\nlingonsylt<br>\nVegan: Mexikansk linsgryta<br>\n<\/em><strong><br>\nTisdag<\/strong><br>\n<em>\u00c5ngad torsk med basilikas\u00e5s, friterad morot och\npr\u00e4stostkrokett<\/em><br>\n<em>Spr\u00f6dstekt kycklingfil\u00e9 kyckling med chilibearnaise och\nrostad potatis <br>\nVeckans husman: Viltskavsgryta med\npotatispur\u00e9 och lingonsylt<br>\nVegan: B\u00f6n casserole<br>\n<\/em><strong><br>\nOnsdag<\/strong><br>\n<em>Halstrad r\u00f6dbetsgravad lax med senapscr\u00e9me &amp; dillstuvad\npotatis<\/em><br>\n<em>Kalvf\u00e4rsbiffar med svamp &amp; \u00e4delosts\u00e5s samt r\u00e5stekt\npotatis <br>\nVeckans husman: Viltskavsgryta med\npotatispur\u00e9 och lingonsylt<\/em><em><br>\nVegan: Rotfruktsgryta <\/em><em><\/em><\/p>\n\n\n\n<p><strong>Torsdag<br>\n<\/strong><em>\u00c4rtsoppa och pannkaksbuff\u00e9 \u00e4t s\u00e5 mycket du vill <br>\n<\/em><em>Krispiga\nfiskbiffar med wasabimajjo och \u201dfried rice\u201d <br>\n<\/em><em>G\u00f6dkalv \u201dtri tip\u201d med portvinsreduktion, svampcr\u00e9me och\nr\u00e5stekt potatis<br>\nVeckans husman: Viltskavsgryta med\npotatispur\u00e9 och lingonsylt<br>\nVegan: S\u00f6tpotatisgryta<\/em><em><\/em><\/p>\n\n\n\n<p><strong>Fredag<\/strong><strong><em><br>\n<\/em><\/strong><em>Kr\u00e4mig fisk &amp; skaldjursgryta med smak av apelsin\noch saffran samt aioli<br>\nL\u00e5ngkokt H\u00f6grevschili med tillbeh\u00f6r och klyftpotatis <br>\nVeckans husman: Viltskavsgryta med\npotatispur\u00e9 och lingonsylt <br>\nVegan: Quorngryta<\/em><\/p>\n","protected":false},"excerpt":{"rendered":"<p>V10 M\u00e5ndag Pannstekt sejfil\u00e9 med rostad paprika och tomats\u00e5s serveras med risotto Viltk\u00f6ttbullar med gr\u00e4dds\u00e5s, r\u00e5r\u00f6rda lingon, pressgurka och potatispur\u00e9 [&hellip;]<\/p>\n","protected":false},"author":1,"featured_media":0,"comment_status":"closed","ping_status":"open","sticky":false,"template":"","format":"standard","meta":{"_monsterinsights_skip_tracking":false,"_monsterinsights_sitenote_active":false,"_monsterinsights_sitenote_note":"","_monsterinsights_sitenote_category":0,"footnotes":""},"categories":[4],"tags":[],"class_list":["post-2287","post","type-post","status-publish","format-standard","hentry","category-menyer"],"_links":{"self":[{"href":"https:\/\/kraftan.nu\/index.php?rest_route=\/wp\/v2\/posts\/2287","targetHints":{"allow":["GET"]}}],"collection":[{"href":"https:\/\/kraftan.nu\/index.php?rest_route=\/wp\/v2\/posts"}],"about":[{"href":"https:\/\/kraftan.nu\/index.php?rest_route=\/wp\/v2\/types\/post"}],"author":[{"embeddable":true,"href":"https:\/\/kraftan.nu\/index.php?rest_route=\/wp\/v2\/users\/1"}],"replies":[{"embeddable":true,"href":"https:\/\/kraftan.nu\/index.php?rest_route=%2Fwp%2Fv2%2Fcomments&post=2287"}],"version-history":[{"count":1,"href":"https:\/\/kraftan.nu\/index.php?rest_route=\/wp\/v2\/posts\/2287\/revisions"}],"predecessor-version":[{"id":2288,"href":"https:\/\/kraftan.nu\/index.php?rest_route=\/wp\/v2\/posts\/2287\/revisions\/2288"}],"wp:attachment":[{"href":"https:\/\/kraftan.nu\/index.php?rest_route=%2Fwp%2Fv2%2Fmedia&parent=2287"}],"wp:term":[{"taxonomy":"category","embeddable":true,"href":"https:\/\/kraftan.nu\/index.php?rest_route=%2Fwp%2Fv2%2Fcategories&post=2287"},{"taxonomy":"post_tag","embeddable":true,"href":"https:\/\/kraftan.nu\/index.php?rest_route=%2Fwp%2Fv2%2Ftags&post=2287"}],"curies":[{"name":"wp","href":"https:\/\/api.w.org\/{rel}","templated":true}]}}