{"id":2284,"date":"2021-03-01T05:44:42","date_gmt":"2021-03-01T05:44:42","guid":{"rendered":"https:\/\/kraftan.nu\/?p=2284"},"modified":"2021-03-01T05:44:44","modified_gmt":"2021-03-01T05:44:44","slug":"lunchmeny-v-09","status":"publish","type":"post","link":"https:\/\/kraftan.nu\/?p=2284","title":{"rendered":"Lunchmeny V.09"},"content":{"rendered":"\n<p>V09<\/p>\n\n\n\n<p><strong>M\u00e5ndag<\/strong><br>\n<em>Laxpanna med broccoli och svartrot samt pommes duchesse<br>\nCoq au vin p\u00e5 kycklingl\u00e5r med r\u00f6kt sidfl\u00e4sk &amp; champinjon samt rispilaff<br>\nVeckans husman: <a>Stekt str\u00f6mming med skirat sm\u00f6r och\npotatispur\u00e9<\/a><br>\nVeg: Svampgryta med rotfrukter och betor<br>\n<\/em><strong>Tisdag<\/strong><br>\n<em>\u00c5ngad kolja med bl\u00e5mussels\u00e5s, bakad tomat &amp; kokt potatis <br>\nSchnitzel \u201dcordon blue\u201d med r\u00f6dvinss\u00e5s &amp; potatisgrat\u00e4ng<br>\nVeckans husman: <a>Stekt str\u00f6mming med skirat sm\u00f6r och potatispur\u00e9<br>\n<\/a>Veg: Lins och b\u00f6ngryta med saffran och vitt vin <\/em><br>\n<strong>Onsdag<\/strong><br>\n<em>Sm\u00f6rbakad lubb med dills\u00e5s, picklad r\u00f6dl\u00f6k och kokt potatis <\/em><br>\n<em>Lammlasagne med chevre och honungrostad mandel samt\nbasilikacr\u00e9me<br>\nVeckans husman: Stekt str\u00f6mming\nmed skirat sm\u00f6r och potatispur\u00e9<br>\n<\/em><em>Veg: Pulled Oumph <\/em><em><\/em><\/p>\n\n\n\n<p><strong>Torsdag<\/strong><\/p>\n\n\n\n<p><em>\u00c4rtsoppa och pannkaksbuff\u00e9\n\u00e4t s\u00e5 mycket du vill<br>\nFiskgrat\u00e4ng med svamp &amp; parmesan samt pommes duchesse<br>\nR\u00f6dvinsbr\u00e4sserad h\u00f6grev med gr\u00f6npeppars\u00e5s, brysselk\u00e5l och potatispur\u00e9<br>\nVeckans husman: Stekt str\u00f6mming\nmed skirat sm\u00f6r och potatispur\u00e9<br>\n&nbsp;&nbsp;&nbsp; Veg: Rostad rotfruktsgryta<\/em><\/p>\n\n\n\n<p>Fredag<em><\/em><\/p>\n\n\n\n<p><em>Gr\u00e4ddkokt viltskav med\nmessm\u00f6r samt potatis &amp; v\u00e4sterbottenpur\u00e9<br>\nSpr\u00f6dstekt sejfil\u00e9 med dansk remoulads\u00e5s, sm\u00f6rstekt morot och kokt potatis<\/em><br>\n<em>Veckans husman: Stekt\nstr\u00f6mming med skirat sm\u00f6r och potatispur\u00e9<br>\n<\/em><em>&nbsp;&nbsp;&nbsp;&nbsp; Veg: Black bean cajun <\/em><\/p>\n","protected":false},"excerpt":{"rendered":"<p>V09 M\u00e5ndag Laxpanna med broccoli och svartrot samt pommes duchesse Coq au vin p\u00e5 kycklingl\u00e5r med r\u00f6kt sidfl\u00e4sk &amp; champinjon [&hellip;]<\/p>\n","protected":false},"author":1,"featured_media":0,"comment_status":"closed","ping_status":"open","sticky":false,"template":"","format":"standard","meta":{"_monsterinsights_skip_tracking":false,"_monsterinsights_sitenote_active":false,"_monsterinsights_sitenote_note":"","_monsterinsights_sitenote_category":0,"footnotes":""},"categories":[4],"tags":[],"class_list":["post-2284","post","type-post","status-publish","format-standard","hentry","category-menyer"],"_links":{"self":[{"href":"https:\/\/kraftan.nu\/index.php?rest_route=\/wp\/v2\/posts\/2284","targetHints":{"allow":["GET"]}}],"collection":[{"href":"https:\/\/kraftan.nu\/index.php?rest_route=\/wp\/v2\/posts"}],"about":[{"href":"https:\/\/kraftan.nu\/index.php?rest_route=\/wp\/v2\/types\/post"}],"author":[{"embeddable":true,"href":"https:\/\/kraftan.nu\/index.php?rest_route=\/wp\/v2\/users\/1"}],"replies":[{"embeddable":true,"href":"https:\/\/kraftan.nu\/index.php?rest_route=%2Fwp%2Fv2%2Fcomments&post=2284"}],"version-history":[{"count":1,"href":"https:\/\/kraftan.nu\/index.php?rest_route=\/wp\/v2\/posts\/2284\/revisions"}],"predecessor-version":[{"id":2285,"href":"https:\/\/kraftan.nu\/index.php?rest_route=\/wp\/v2\/posts\/2284\/revisions\/2285"}],"wp:attachment":[{"href":"https:\/\/kraftan.nu\/index.php?rest_route=%2Fwp%2Fv2%2Fmedia&parent=2284"}],"wp:term":[{"taxonomy":"category","embeddable":true,"href":"https:\/\/kraftan.nu\/index.php?rest_route=%2Fwp%2Fv2%2Fcategories&post=2284"},{"taxonomy":"post_tag","embeddable":true,"href":"https:\/\/kraftan.nu\/index.php?rest_route=%2Fwp%2Fv2%2Ftags&post=2284"}],"curies":[{"name":"wp","href":"https:\/\/api.w.org\/{rel}","templated":true}]}}