{"id":2263,"date":"2021-02-06T18:45:27","date_gmt":"2021-02-06T18:45:27","guid":{"rendered":"https:\/\/kraftan.nu\/?p=2263"},"modified":"2021-02-06T18:45:28","modified_gmt":"2021-02-06T18:45:28","slug":"lunchmeny-v-06","status":"publish","type":"post","link":"https:\/\/kraftan.nu\/?p=2263","title":{"rendered":"Lunchmeny V.06"},"content":{"rendered":"\n<p><strong>M\u00e5ndag<\/strong><br>\n<em>Halstrad torsk med dills\u00e5s, honungsglaserad morot samt kokt\npotatis<br>\n&nbsp;Biff Lindstr\u00f6m med r\u00f6dvinss\u00e5s,\npersiljesm\u00f6r och stekt potatis<br>\n<a>Veckans husman: <\/a><a>Kalops med r\u00f6dbetor och kokt potatis<br>\n<\/a>Veg: Rotfruktsgryta med kokos &amp; mandel<br>\n<\/em><strong>Tisdag<\/strong><br>\n<em>\u00c5ngad kolja med saffrans\u00e5s, gr\u00f6n \u00e4rtpur\u00e9 och dillslungad\npotatis<br>\nRaggmunkar med stekt rimmat sidfl\u00e4sk och r\u00e5r\u00f6rda lingon <br>\nVeckans husman: Kalops med\nr\u00f6dbetor och kokt potatis<br>\nVeg: Tikka masala <\/em><br>\n<strong>Onsdag<\/strong><br>\n<em>Ugnsbakad lax med rostad tomat &amp; paprikaci\u00f3ncass\u00e9 samt\nsvamprisotto <\/em><br>\n<em>Helstekt \u201dChuck roll\u201d med bbqs\u00e5s, cole slaw och klyftpotatis<br>\nVeckans husman: Kalops med\nr\u00f6dbetor och kokt potatis<\/em><em><br>\nVeg: S\u00f6tpotatisgryta<\/em><em><\/em><\/p>\n\n\n\n<p><strong>Torsdag<\/strong><\/p>\n\n\n\n<p><em>\u00c4rtsoppa och\npannkaksbuff\u00e9 \u00e4t s\u00e5 mycket du vill<br>\nFisk &amp; skaldjursgrat\u00e4ng serveras med kantarellduchesse och stekta tomater <br>\n&nbsp;Krispstekt cajunkyckling med palsternacksaioli,\ns\u00f6tsur rippel och gr\u00f6nsaksris<br>\nVeckans husman: Kalops med r\u00f6dbetor och kokt potatis<br>\nVeg: \u00d6rt &amp; gr\u00f6nsaksragu <\/em><\/p>\n\n\n\n<p>Fredag<em><\/em><\/p>\n\n\n\n<p><em>Anjovismarinerad\nsejfil\u00e9 med brynt sm\u00f6r, kr\u00e4ftans gubbr\u00f6ra &amp; kokt potatis<\/em><br>\n<em>Lammstek med vitl\u00f6kssky, \u00e4pple &amp; rosmarinfr\u00e4s samt\npotatispur\u00e9<br>\nVeckans husman: Kalops med\nr\u00f6dbetor och kokt potatis<br>\nVeg: B\u00f6n &amp; linsgryta med tomat &amp; \u00f6rter<\/em><\/p>\n","protected":false},"excerpt":{"rendered":"<p>M\u00e5ndag Halstrad torsk med dills\u00e5s, honungsglaserad morot samt kokt potatis &nbsp;Biff Lindstr\u00f6m med r\u00f6dvinss\u00e5s, persiljesm\u00f6r och stekt potatis Veckans husman: [&hellip;]<\/p>\n","protected":false},"author":1,"featured_media":0,"comment_status":"closed","ping_status":"open","sticky":false,"template":"","format":"standard","meta":{"_monsterinsights_skip_tracking":false,"_monsterinsights_sitenote_active":false,"_monsterinsights_sitenote_note":"","_monsterinsights_sitenote_category":0,"footnotes":""},"categories":[4],"tags":[],"class_list":["post-2263","post","type-post","status-publish","format-standard","hentry","category-menyer"],"_links":{"self":[{"href":"https:\/\/kraftan.nu\/index.php?rest_route=\/wp\/v2\/posts\/2263","targetHints":{"allow":["GET"]}}],"collection":[{"href":"https:\/\/kraftan.nu\/index.php?rest_route=\/wp\/v2\/posts"}],"about":[{"href":"https:\/\/kraftan.nu\/index.php?rest_route=\/wp\/v2\/types\/post"}],"author":[{"embeddable":true,"href":"https:\/\/kraftan.nu\/index.php?rest_route=\/wp\/v2\/users\/1"}],"replies":[{"embeddable":true,"href":"https:\/\/kraftan.nu\/index.php?rest_route=%2Fwp%2Fv2%2Fcomments&post=2263"}],"version-history":[{"count":1,"href":"https:\/\/kraftan.nu\/index.php?rest_route=\/wp\/v2\/posts\/2263\/revisions"}],"predecessor-version":[{"id":2264,"href":"https:\/\/kraftan.nu\/index.php?rest_route=\/wp\/v2\/posts\/2263\/revisions\/2264"}],"wp:attachment":[{"href":"https:\/\/kraftan.nu\/index.php?rest_route=%2Fwp%2Fv2%2Fmedia&parent=2263"}],"wp:term":[{"taxonomy":"category","embeddable":true,"href":"https:\/\/kraftan.nu\/index.php?rest_route=%2Fwp%2Fv2%2Fcategories&post=2263"},{"taxonomy":"post_tag","embeddable":true,"href":"https:\/\/kraftan.nu\/index.php?rest_route=%2Fwp%2Fv2%2Ftags&post=2263"}],"curies":[{"name":"wp","href":"https:\/\/api.w.org\/{rel}","templated":true}]}}