{"id":2256,"date":"2021-02-01T08:04:48","date_gmt":"2021-02-01T08:04:48","guid":{"rendered":"https:\/\/kraftan.nu\/?p=2256"},"modified":"2021-02-01T08:04:49","modified_gmt":"2021-02-01T08:04:49","slug":"2256-2","status":"publish","type":"post","link":"https:\/\/kraftan.nu\/?p=2256","title":{"rendered":""},"content":{"rendered":"\n<p>Lunchmeny V.05<\/p>\n\n\n\n<p><strong>M\u00e5ndag<\/strong><br>\n<em>Spenat &amp; ricottafylld tortellini med r\u00e4kor i hummers\u00e5s samt\nkrispiga gr\u00f6nsaker<br>\n\u00c4lgf\u00e4rsbiff med bl\u00e5b\u00e4rsreduktion, svampkompott och potatisgrat\u00e4ng<br>\n<a>Veckans husman:<\/a> Isterband med persiljestuvad potatis\noch r\u00f6dbetor<br>\nVegan: Svamp &amp; rotfruktsgryta<br>\n<\/em><strong>Tisdag<\/strong><br>\n<em>Laxschnitzel med hollandaises\u00e5s, socker\u00e4rtor och dillstekt\npotatis<br>\nBouef bourguignon med sidfl\u00e4sk och sm\u00e5l\u00f6k samt potatispur\u00e9<br>\nVeckans husman: Isterband med persiljestuvad\npotatis och r\u00f6dbetor <br>\nVegan: Brynt k\u00e5lgryta med rostad vitl\u00f6k<\/em><br>\n<strong>Onsdag<\/strong><br>\n<em>Parmesanstekt sejfil\u00e9 med kr\u00e4mig tomat &amp; basilikas\u00e5s samt\n\u00f6rtris<\/em><br>\n<em>Pepparstekt majskyckling med apelsins\u00e5s och potatisgrat\u00e4ng <br>\nVeckans husman: Isterband med persiljestuvad\npotatis och r\u00f6dbetor<\/em><em> <br>\nVeg: B\u00f6n ratatouille <\/em><em><\/em><\/p>\n\n\n\n<p><strong>Torsdag<\/strong><\/p>\n\n\n\n<p><em>\u00c4rtsoppa och\npannkaksbuff\u00e9 \u00e4t s\u00e5 mycket du vill<br>\nSydfransk fiskgryta med saffran, f\u00e4nk\u00e5l och tomat samt aioli och kokt potatis <br>\nSweet and sour beef med picklad vitk\u00e5l, rostad mandel och rispilaff<br>\nVeckans husman: Isterband med\nstuvad potatis och r\u00f6dbetor&nbsp;&nbsp;&nbsp; <br>\nVegan: Rostad rotfruktsgryta<\/em><\/p>\n\n\n\n<p>Fredag<em><\/em><\/p>\n\n\n\n<p><em>Spr\u00f6dstekt torsk med\ndansk remoulads\u00e5s och kokt potatis<\/em><br>\n<em>Nattstekt Kalv \u201dtri tip\u201d med skogssvampss\u00e5s och r\u00e5stekt\npotatis<br>\nVeckans husman fr\u00e5n k\u00f6ket:\nIsterband med stuvad potatis och r\u00f6dbetor &nbsp;&nbsp;&nbsp;&nbsp;Vegan: Black bean cajun <\/em><\/p>\n","protected":false},"excerpt":{"rendered":"<p>Lunchmeny V.05 M\u00e5ndag Spenat &amp; ricottafylld tortellini med r\u00e4kor i hummers\u00e5s samt krispiga gr\u00f6nsaker \u00c4lgf\u00e4rsbiff med bl\u00e5b\u00e4rsreduktion, svampkompott och potatisgrat\u00e4ng [&hellip;]<\/p>\n","protected":false},"author":1,"featured_media":0,"comment_status":"closed","ping_status":"open","sticky":false,"template":"","format":"standard","meta":{"_monsterinsights_skip_tracking":false,"_monsterinsights_sitenote_active":false,"_monsterinsights_sitenote_note":"","_monsterinsights_sitenote_category":0,"footnotes":""},"categories":[4],"tags":[],"class_list":["post-2256","post","type-post","status-publish","format-standard","hentry","category-menyer"],"_links":{"self":[{"href":"https:\/\/kraftan.nu\/index.php?rest_route=\/wp\/v2\/posts\/2256","targetHints":{"allow":["GET"]}}],"collection":[{"href":"https:\/\/kraftan.nu\/index.php?rest_route=\/wp\/v2\/posts"}],"about":[{"href":"https:\/\/kraftan.nu\/index.php?rest_route=\/wp\/v2\/types\/post"}],"author":[{"embeddable":true,"href":"https:\/\/kraftan.nu\/index.php?rest_route=\/wp\/v2\/users\/1"}],"replies":[{"embeddable":true,"href":"https:\/\/kraftan.nu\/index.php?rest_route=%2Fwp%2Fv2%2Fcomments&post=2256"}],"version-history":[{"count":1,"href":"https:\/\/kraftan.nu\/index.php?rest_route=\/wp\/v2\/posts\/2256\/revisions"}],"predecessor-version":[{"id":2260,"href":"https:\/\/kraftan.nu\/index.php?rest_route=\/wp\/v2\/posts\/2256\/revisions\/2260"}],"wp:attachment":[{"href":"https:\/\/kraftan.nu\/index.php?rest_route=%2Fwp%2Fv2%2Fmedia&parent=2256"}],"wp:term":[{"taxonomy":"category","embeddable":true,"href":"https:\/\/kraftan.nu\/index.php?rest_route=%2Fwp%2Fv2%2Fcategories&post=2256"},{"taxonomy":"post_tag","embeddable":true,"href":"https:\/\/kraftan.nu\/index.php?rest_route=%2Fwp%2Fv2%2Ftags&post=2256"}],"curies":[{"name":"wp","href":"https:\/\/api.w.org\/{rel}","templated":true}]}}