{"id":2250,"date":"2021-01-24T09:21:29","date_gmt":"2021-01-24T09:21:29","guid":{"rendered":"https:\/\/kraftan.nu\/?p=2250"},"modified":"2021-01-24T09:21:31","modified_gmt":"2021-01-24T09:21:31","slug":"lunchmeny-v-04","status":"publish","type":"post","link":"https:\/\/kraftan.nu\/?p=2250","title":{"rendered":"Lunchmeny V.04"},"content":{"rendered":"\n<p>V04<\/p>\n\n\n\n<p><strong>M\u00e5ndag<\/strong><br> <em>\u00c5ngad kolja med \u00e4gg &amp; r\u00e4ks\u00e5s serveras med\u00a0 kokt potatis<br> Fl\u00e4skfil\u00e9 \u201dcouer de provencale\u201d med vitl\u00f6kssm\u00f6r och vitl\u00f6ksstekt potatis<br> <a>Veckans husman: Stekt fl\u00e4sk med l\u00f6ks\u00e5s och potatis<\/a><br> Vegan: Rostad quorngryta<br> <\/em><strong>Tisdag<\/strong><br> <em>Halstrad gravad lax med senapsrippel och dillstuvad potatis<br> Gr\u00e4ddkokt viltskav med messm\u00f6r och svamp samt potatispur\u00e9 och r\u00e5r\u00f6rda lingon <br> Veckans husman : Stekt fl\u00e4sk med l\u00f6ks\u00e5s och potatis<br> Vegan: Casserole p\u00e5 r\u00f6dk\u00e5l, blomk\u00e5l och honung<\/em><br> <strong>Onsdag<\/strong><br> <em>Panko &amp; l\u00f6kstekt fiskfil\u00e9 med honungsbakad tomat, citroncr\u00e9me och rispilaff<\/em><br> <em>Bakad fl\u00e4sksida med senapssky, \u00e4ppelchutney och \u00f6rtpotatispur\u00e9\u00a0 <br> Veckans husman : Stekt fl\u00e4sk med l\u00f6ks\u00e5s och potatis<br> Vegan: Tacogryta med gr\u00e4ddfil och nachos <\/em><\/p>\n\n\n\n<p><strong>Torsdag<\/strong><\/p>\n\n\n\n<p><em>\u00c4rtsoppa och pannkaksbuff\u00e9 \u00e4t s\u00e5 mycket du vill <br> Fiskgrat\u00e4ng med svamp &amp; tomat serveras med pommes duschesse<br> Nattbakat h\u00f6grevshj\u00e4rta med balsamiqoreduktion och risotto milanese<br> Veckans husman : Stekt fl\u00e4sk med l\u00f6ks\u00e5s och potatis <br> Vegan: Indisk linsgryta<\/em><\/p>\n\n\n\n<p>Fredag<em><\/em><\/p>\n\n\n\n<p><em>\u00c5ngad kolja med gr\u00e4ddkokt spenat, sm\u00f6rstekt blomk\u00e5l och potatis \u00a0<br> BBQ stekt fl\u00e4skkarr\u00e9 med basilikacr\u00e9me samt gratinerad bacon &amp; parmesanpotatis \u00a0<br> Veckans husman: Stekt fl\u00e4sk med l\u00f6ks\u00e5s och potatis <br> Vegan: S\u00f6tpotatisgryta <\/em><\/p>\n","protected":false},"excerpt":{"rendered":"<p>V04 M\u00e5ndag \u00c5ngad kolja med \u00e4gg &amp; r\u00e4ks\u00e5s serveras med\u00a0 kokt potatis Fl\u00e4skfil\u00e9 \u201dcouer de provencale\u201d med vitl\u00f6kssm\u00f6r och vitl\u00f6ksstekt [&hellip;]<\/p>\n","protected":false},"author":1,"featured_media":0,"comment_status":"closed","ping_status":"open","sticky":false,"template":"","format":"standard","meta":{"_monsterinsights_skip_tracking":false,"_monsterinsights_sitenote_active":false,"_monsterinsights_sitenote_note":"","_monsterinsights_sitenote_category":0,"footnotes":""},"categories":[4],"tags":[],"class_list":["post-2250","post","type-post","status-publish","format-standard","hentry","category-menyer"],"_links":{"self":[{"href":"https:\/\/kraftan.nu\/index.php?rest_route=\/wp\/v2\/posts\/2250","targetHints":{"allow":["GET"]}}],"collection":[{"href":"https:\/\/kraftan.nu\/index.php?rest_route=\/wp\/v2\/posts"}],"about":[{"href":"https:\/\/kraftan.nu\/index.php?rest_route=\/wp\/v2\/types\/post"}],"author":[{"embeddable":true,"href":"https:\/\/kraftan.nu\/index.php?rest_route=\/wp\/v2\/users\/1"}],"replies":[{"embeddable":true,"href":"https:\/\/kraftan.nu\/index.php?rest_route=%2Fwp%2Fv2%2Fcomments&post=2250"}],"version-history":[{"count":1,"href":"https:\/\/kraftan.nu\/index.php?rest_route=\/wp\/v2\/posts\/2250\/revisions"}],"predecessor-version":[{"id":2251,"href":"https:\/\/kraftan.nu\/index.php?rest_route=\/wp\/v2\/posts\/2250\/revisions\/2251"}],"wp:attachment":[{"href":"https:\/\/kraftan.nu\/index.php?rest_route=%2Fwp%2Fv2%2Fmedia&parent=2250"}],"wp:term":[{"taxonomy":"category","embeddable":true,"href":"https:\/\/kraftan.nu\/index.php?rest_route=%2Fwp%2Fv2%2Fcategories&post=2250"},{"taxonomy":"post_tag","embeddable":true,"href":"https:\/\/kraftan.nu\/index.php?rest_route=%2Fwp%2Fv2%2Ftags&post=2250"}],"curies":[{"name":"wp","href":"https:\/\/api.w.org\/{rel}","templated":true}]}}