{"id":2247,"date":"2021-01-17T08:52:32","date_gmt":"2021-01-17T08:52:32","guid":{"rendered":"https:\/\/kraftan.nu\/?p=2247"},"modified":"2021-01-18T11:58:22","modified_gmt":"2021-01-18T11:58:22","slug":"lunchmeny-v-03","status":"publish","type":"post","link":"https:\/\/kraftan.nu\/?p=2247","title":{"rendered":"Lunchmeny V.03"},"content":{"rendered":"\n<p><strong>M\u00e5ndag<\/strong><br>\n<em>L\u00e4ttrimmad torsk med brynt vitl\u00f6kssm\u00f6r, rostad tomats\u00e5s och\nris<br>\nFransk oxgryta med r\u00f6dvin, mejramskorv och svamp samt potatispur\u00e9<br>\nVeckans husman fr\u00e5n k\u00f6ket: <a>Isterband med persiljestuvad potatis &amp;\nr\u00f6dbetor<\/a><br>\nVeg: Linsgryta<br>\n<br>\n<\/em><strong><\/strong><\/p>\n\n\n\n<p><strong>Tisdag<\/strong><br> <em>Fisk &amp; skaldjursgrat\u00e4ng med pr\u00e4stostduchesse <br> Raggmunk med rimmat sidfl\u00e4sk och r\u00e5r\u00f6rda lingon<br> Veckans husman fr\u00e5n k\u00f6ket: Isterband med persiljestuvad potatis &amp; r\u00f6dbetor<br> Veg: Cajunkryddad\u00a0b\u00f6ngryta<\/em><br> <strong><br> Onsdag<\/strong><br> <em>Ugnsbakad lax med hollandaises\u00e5s, gr\u00f6nsaksjulienne samt kokt potatis<br> Friterat kycklingl\u00e5r med s\u00f6tsur s\u00e5s och fried rice <br> Veckans husman fr\u00e5n k\u00f6ket: Isterband med persiljestuvad potatis &amp; r\u00f6dbetor<br> Veg: S\u00f6tpotatisgryta<\/em><\/p>\n\n\n\n<p><strong>Torsdag<\/strong><\/p>\n\n\n\n<p><em>\u00c4rtsoppa och\npannkaksbuff\u00e9 \u00e4t s\u00e5 mycket du vill<br>\nFiskgryta med smak av hummer &amp; apelsin serveras med vitl\u00f6ksmajonn\u00e4s <br>\nViltf\u00e4rsbiff med tranb\u00e4rsky, rostad morot och potatisgrat\u00e4ng<br>\nVeckans husman fr\u00e5n k\u00f6ket: Isterband med persiljestuvad potatis &amp; r\u00f6dbetor<br>\nVeg: Gr\u00f6nsaksgumbo<\/em><\/p>\n\n\n\n<p><strong>Fredag<\/strong><strong><em><\/em><\/strong><\/p>\n\n\n\n<p><em>Pannstekt sej med\nsm\u00f6rad vitvinss\u00e5s, rostade r\u00f6dbetor och kokt potatis<\/em><br>\n<em>Helstekt kalvytterfil\u00e9 med r\u00f6nnb\u00e4rsgr\u00e4dds\u00e5s, svampragu och\npotatispur\u00e9 <br>\nVeckans husman fr\u00e5n k\u00f6ket: Isterband\nmed persiljestuvad potatis &amp; r\u00f6dbetor<br>\nVeg: B\u00f6ngryta med tomat &amp; \u00f6rter<\/em><strong><em><\/em><\/strong><\/p>\n","protected":false},"excerpt":{"rendered":"<p>M\u00e5ndag L\u00e4ttrimmad torsk med brynt vitl\u00f6kssm\u00f6r, rostad tomats\u00e5s och ris Fransk oxgryta med r\u00f6dvin, mejramskorv och svamp samt potatispur\u00e9 Veckans [&hellip;]<\/p>\n","protected":false},"author":1,"featured_media":0,"comment_status":"closed","ping_status":"open","sticky":false,"template":"","format":"standard","meta":{"_monsterinsights_skip_tracking":false,"_monsterinsights_sitenote_active":false,"_monsterinsights_sitenote_note":"","_monsterinsights_sitenote_category":0,"footnotes":""},"categories":[4],"tags":[],"class_list":["post-2247","post","type-post","status-publish","format-standard","hentry","category-menyer"],"_links":{"self":[{"href":"https:\/\/kraftan.nu\/index.php?rest_route=\/wp\/v2\/posts\/2247","targetHints":{"allow":["GET"]}}],"collection":[{"href":"https:\/\/kraftan.nu\/index.php?rest_route=\/wp\/v2\/posts"}],"about":[{"href":"https:\/\/kraftan.nu\/index.php?rest_route=\/wp\/v2\/types\/post"}],"author":[{"embeddable":true,"href":"https:\/\/kraftan.nu\/index.php?rest_route=\/wp\/v2\/users\/1"}],"replies":[{"embeddable":true,"href":"https:\/\/kraftan.nu\/index.php?rest_route=%2Fwp%2Fv2%2Fcomments&post=2247"}],"version-history":[{"count":2,"href":"https:\/\/kraftan.nu\/index.php?rest_route=\/wp\/v2\/posts\/2247\/revisions"}],"predecessor-version":[{"id":2249,"href":"https:\/\/kraftan.nu\/index.php?rest_route=\/wp\/v2\/posts\/2247\/revisions\/2249"}],"wp:attachment":[{"href":"https:\/\/kraftan.nu\/index.php?rest_route=%2Fwp%2Fv2%2Fmedia&parent=2247"}],"wp:term":[{"taxonomy":"category","embeddable":true,"href":"https:\/\/kraftan.nu\/index.php?rest_route=%2Fwp%2Fv2%2Fcategories&post=2247"},{"taxonomy":"post_tag","embeddable":true,"href":"https:\/\/kraftan.nu\/index.php?rest_route=%2Fwp%2Fv2%2Ftags&post=2247"}],"curies":[{"name":"wp","href":"https:\/\/api.w.org\/{rel}","templated":true}]}}