{"id":2243,"date":"2021-01-08T21:13:22","date_gmt":"2021-01-08T21:13:22","guid":{"rendered":"https:\/\/kraftan.nu\/?p=2243"},"modified":"2021-01-08T21:13:23","modified_gmt":"2021-01-08T21:13:23","slug":"lunchmeny-v-02","status":"publish","type":"post","link":"https:\/\/kraftan.nu\/?p=2243","title":{"rendered":"Lunchmeny V.02"},"content":{"rendered":"\n<p>V02<\/p>\n\n\n\n<p><strong>M\u00e5ndag<\/strong><br>\n<em>Laxpanna med broccoli, svartrot, bakad tomat &amp; pommes\nduchesse<br>\nCoq au vin p\u00e5 majskycklingl\u00e5r med r\u00f6kt sidfl\u00e4sk &amp; champinjon samt rispilaff<br>\nVeckans husman fr\u00e5n k\u00f6ket: Stekt str\u00f6mming med brynt sm\u00f6r och potatispur\u00e9<br>\nVeg: Svampgryta med rotfrukter och betor<br>\n<\/em><strong>Tisdag<\/strong><br>\n<em>\u00c5ngad kolja med bl\u00e5musselvelout\u00e9, brynt morotspur\u00e9 &amp; kokt\npotatis <br>\nNattbakad kalvh\u00f6grev med r\u00f6dl\u00f6kssky, bearnaises\u00e5s och stekt potatis<br>\nVeckans husman fr\u00e5n k\u00f6ket: <a>Stekt str\u00f6mming med brynt sm\u00f6r och potatispur\u00e9<br>\n<\/a>Veg: Lins och b\u00f6ngryta med saffran och vitt vin <\/em><br>\n<strong>Onsdag<\/strong><br>\n<em>Fisk &amp; skaldjursbiff med saffransstekta gr\u00f6nsaker,\ntzatziki och brynt mandelris<\/em><br>\n<em>Ostfylld Schnitzel med gr\u00e4ddstuvad gr\u00f6nk\u00e5l och baconpotatis <br>\nVeckans husman fr\u00e5n k\u00f6ket: Stekt\nstr\u00f6mming med brynt sm\u00f6r och potatispur\u00e9<br>\n<\/em><em>Veg: Pulled Oumph <\/em><em><\/em><\/p>\n\n\n\n<p><strong>Torsdag<\/strong><\/p>\n\n\n\n<p><em>\u00c4rtsoppa och\npannkaksbuff\u00e9 \u00e4t s\u00e5 mycket du vill<br>\nPankostekt sejfil\u00e9 med kapriscr\u00e9me och dillslungad potatis<br>\nR\u00f6dvinsbr\u00e4sserad oxstek med muscovadosky, brysselk\u00e5l och potatisgrat\u00e4ng<br>\nVeckans husman fr\u00e5n k\u00f6ket: Stekt\nstr\u00f6mming med brynt sm\u00f6r och potatispur\u00e9<br>\n&nbsp;&nbsp;&nbsp; Veg: Rostad rotfruktsgryta<\/em><\/p>\n\n\n\n<p>Fredag<em><\/em><\/p>\n\n\n\n<p><em>Halstrad torsk med champinjoncr\u00e9me,\nsyltad l\u00f6k och kokt potatis<br>\nChorizofylld lammf\u00e4rsbiff med rostad vitl\u00f6kss\u00e5s och r\u00e5stekt potatis<\/em><br>\n<em>Veckans husman fr\u00e5n k\u00f6ket: Stekt\nstr\u00f6mming med brynt sm\u00f6r och potatispur\u00e9<br>\n<\/em><em>&nbsp;&nbsp;&nbsp;&nbsp; Veg: Black bean cajun <\/em><\/p>\n","protected":false},"excerpt":{"rendered":"<p>V02 M\u00e5ndag Laxpanna med broccoli, svartrot, bakad tomat &amp; pommes duchesse Coq au vin p\u00e5 majskycklingl\u00e5r med r\u00f6kt sidfl\u00e4sk &amp; [&hellip;]<\/p>\n","protected":false},"author":1,"featured_media":0,"comment_status":"closed","ping_status":"open","sticky":false,"template":"","format":"standard","meta":{"_monsterinsights_skip_tracking":false,"_monsterinsights_sitenote_active":false,"_monsterinsights_sitenote_note":"","_monsterinsights_sitenote_category":0,"footnotes":""},"categories":[4],"tags":[],"class_list":["post-2243","post","type-post","status-publish","format-standard","hentry","category-menyer"],"_links":{"self":[{"href":"https:\/\/kraftan.nu\/index.php?rest_route=\/wp\/v2\/posts\/2243","targetHints":{"allow":["GET"]}}],"collection":[{"href":"https:\/\/kraftan.nu\/index.php?rest_route=\/wp\/v2\/posts"}],"about":[{"href":"https:\/\/kraftan.nu\/index.php?rest_route=\/wp\/v2\/types\/post"}],"author":[{"embeddable":true,"href":"https:\/\/kraftan.nu\/index.php?rest_route=\/wp\/v2\/users\/1"}],"replies":[{"embeddable":true,"href":"https:\/\/kraftan.nu\/index.php?rest_route=%2Fwp%2Fv2%2Fcomments&post=2243"}],"version-history":[{"count":1,"href":"https:\/\/kraftan.nu\/index.php?rest_route=\/wp\/v2\/posts\/2243\/revisions"}],"predecessor-version":[{"id":2244,"href":"https:\/\/kraftan.nu\/index.php?rest_route=\/wp\/v2\/posts\/2243\/revisions\/2244"}],"wp:attachment":[{"href":"https:\/\/kraftan.nu\/index.php?rest_route=%2Fwp%2Fv2%2Fmedia&parent=2243"}],"wp:term":[{"taxonomy":"category","embeddable":true,"href":"https:\/\/kraftan.nu\/index.php?rest_route=%2Fwp%2Fv2%2Fcategories&post=2243"},{"taxonomy":"post_tag","embeddable":true,"href":"https:\/\/kraftan.nu\/index.php?rest_route=%2Fwp%2Fv2%2Ftags&post=2243"}],"curies":[{"name":"wp","href":"https:\/\/api.w.org\/{rel}","templated":true}]}}