{"id":2241,"date":"2020-12-20T16:22:40","date_gmt":"2020-12-20T16:22:40","guid":{"rendered":"https:\/\/kraftan.nu\/?p=2241"},"modified":"2020-12-20T16:22:41","modified_gmt":"2020-12-20T16:22:41","slug":"lunch-mandag-21-12","status":"publish","type":"post","link":"https:\/\/kraftan.nu\/?p=2241","title":{"rendered":"Lunch M\u00e5ndag 21\/12"},"content":{"rendered":"\n<p>Pankostekt fiskfil\u00e9 med roms\u00e5s och kokt potatis<\/p>\n\n\n\n<p>Glaserad flankstek med pepparsky, vitl\u00f6kscr\u00e9me och klyftpotatis<\/p>\n\n\n\n<p>Veg: Quorngryta<\/p>\n","protected":false},"excerpt":{"rendered":"<p>Pankostekt fiskfil\u00e9 med roms\u00e5s och kokt potatis Glaserad flankstek med pepparsky, vitl\u00f6kscr\u00e9me och klyftpotatis Veg: Quorngryta<\/p>\n","protected":false},"author":1,"featured_media":0,"comment_status":"closed","ping_status":"open","sticky":false,"template":"","format":"standard","meta":{"_monsterinsights_skip_tracking":false,"_monsterinsights_sitenote_active":false,"_monsterinsights_sitenote_note":"","_monsterinsights_sitenote_category":0,"footnotes":""},"categories":[4],"tags":[],"class_list":["post-2241","post","type-post","status-publish","format-standard","hentry","category-menyer"],"_links":{"self":[{"href":"https:\/\/kraftan.nu\/index.php?rest_route=\/wp\/v2\/posts\/2241","targetHints":{"allow":["GET"]}}],"collection":[{"href":"https:\/\/kraftan.nu\/index.php?rest_route=\/wp\/v2\/posts"}],"about":[{"href":"https:\/\/kraftan.nu\/index.php?rest_route=\/wp\/v2\/types\/post"}],"author":[{"embeddable":true,"href":"https:\/\/kraftan.nu\/index.php?rest_route=\/wp\/v2\/users\/1"}],"replies":[{"embeddable":true,"href":"https:\/\/kraftan.nu\/index.php?rest_route=%2Fwp%2Fv2%2Fcomments&post=2241"}],"version-history":[{"count":1,"href":"https:\/\/kraftan.nu\/index.php?rest_route=\/wp\/v2\/posts\/2241\/revisions"}],"predecessor-version":[{"id":2242,"href":"https:\/\/kraftan.nu\/index.php?rest_route=\/wp\/v2\/posts\/2241\/revisions\/2242"}],"wp:attachment":[{"href":"https:\/\/kraftan.nu\/index.php?rest_route=%2Fwp%2Fv2%2Fmedia&parent=2241"}],"wp:term":[{"taxonomy":"category","embeddable":true,"href":"https:\/\/kraftan.nu\/index.php?rest_route=%2Fwp%2Fv2%2Fcategories&post=2241"},{"taxonomy":"post_tag","embeddable":true,"href":"https:\/\/kraftan.nu\/index.php?rest_route=%2Fwp%2Fv2%2Ftags&post=2241"}],"curies":[{"name":"wp","href":"https:\/\/api.w.org\/{rel}","templated":true}]}}