{"id":2235,"date":"2020-12-12T17:14:52","date_gmt":"2020-12-12T17:14:52","guid":{"rendered":"https:\/\/kraftan.nu\/?p=2235"},"modified":"2020-12-12T17:14:53","modified_gmt":"2020-12-12T17:14:53","slug":"lunchmeny-v-51-7","status":"publish","type":"post","link":"https:\/\/kraftan.nu\/?p=2235","title":{"rendered":"Lunchmeny V.51"},"content":{"rendered":"\n<p><strong>M\u00e5ndag<\/strong><br>\n<strong>\u00c5ngad\nl\u00e5nga med parmesans\u00e5s och mandelpesto serveras med potatispur\u00e9<\/strong><\/p>\n\n\n\n<p><strong>Kalvf\u00e4rsbiff med duxellecr\u00e9me,\nbakad tomat och vitl\u00f6ksstekt potatis<\/strong><\/p>\n\n\n\n<p><a><strong>Veckans husman fr\u00e5n\nk\u00f6ket: Revbensspj\u00e4ll med r\u00f6dk\u00e5l och kryddsky<\/strong><\/a><strong><br>\nVegetarisk: <\/strong><strong>S\u00f6tpotatisgryta <\/strong><strong><\/strong><\/p>\n\n\n\n<p><strong><br>\nTisdag<\/strong><br>\n<strong>Asiatisk\nfiskburgare med wasabimajjo och brynt mandelris <br>\nSm\u00f6rstekt raggmunk med rimmat sidfl\u00e4sk och r\u00e5r\u00f6rda lingon<\/strong><\/p>\n\n\n\n<p><a><strong>Veckans husman fr\u00e5n\nk\u00f6ket: Revbensspj\u00e4ll med r\u00f6dk\u00e5l och kryddsky<br>\nVegetarisk: Indisk linsgryta<\/strong><\/a><strong><br>\n<br>\n<\/strong><strong>Onsdag<\/strong><br>\n<strong>Skaldjursgratinerad\nsejfil\u00e9 med pr\u00e4stostduchesse och sm\u00f6rstekt broccoli <\/strong><\/p>\n\n\n\n<p><strong>Krispig majskyckling med\nhonungsvinigrette, rostad majsaioli, och klyftpotatis <br>\n<\/strong><strong>Veckans husman fr\u00e5n\nk\u00f6ket: Revbensspj\u00e4ll med r\u00f6dk\u00e5l och kryddsky <\/strong><strong>Vegetarisk: Het\nsojaf\u00e4rsgryta<\/strong><strong><br>\n<br>\nTorsdag<\/strong><br>\n<strong>\u00c4rtsoppa\noch pannkaksbuff\u00e9 \u00e4t s\u00e5 mycket du vill<\/strong><\/p>\n\n\n\n<p><strong>Pocherad torsk med \u00e4gg &amp;\nr\u00e4ks\u00e5s, friterad pepparrot &amp; kokt potatis<br>\nPorchetta p\u00e5 fl\u00e4skkarr\u00e9 med rosmarinsky och potatisgrat\u00e4ng<br>\nVeckans husman fr\u00e5n k\u00f6ket: Revbensspj\u00e4ll med r\u00f6dk\u00e5l och kryddsky <\/strong><strong><\/strong><strong>Vegetarisk: B\u00f6ncasserole<br>\n<\/strong><strong><br>\nFredag<\/strong><em><br>\n<\/em><strong>Mixed\ngrill med bearnaises\u00e5s, svartpepparsky &amp; aioli<br>\nVariation p\u00e5 lax med gr\u00e4dddkokta kantareller och l\u00f6jrom cremefraiche<br>\nVeckans husman fr\u00e5n k\u00f6ket: Revbensspj\u00e4ll med r\u00f6dk\u00e5l och kryddsky Vegetarisk: Spr\u00f6dstekt\nquorn med tillbeh\u00f6r<\/strong><\/p>\n","protected":false},"excerpt":{"rendered":"<p>M\u00e5ndag \u00c5ngad l\u00e5nga med parmesans\u00e5s och mandelpesto serveras med potatispur\u00e9 Kalvf\u00e4rsbiff med duxellecr\u00e9me, bakad tomat och vitl\u00f6ksstekt potatis Veckans husman [&hellip;]<\/p>\n","protected":false},"author":1,"featured_media":0,"comment_status":"closed","ping_status":"open","sticky":false,"template":"","format":"standard","meta":{"_monsterinsights_skip_tracking":false,"_monsterinsights_sitenote_active":false,"_monsterinsights_sitenote_note":"","_monsterinsights_sitenote_category":0,"footnotes":""},"categories":[4],"tags":[],"class_list":["post-2235","post","type-post","status-publish","format-standard","hentry","category-menyer"],"_links":{"self":[{"href":"https:\/\/kraftan.nu\/index.php?rest_route=\/wp\/v2\/posts\/2235","targetHints":{"allow":["GET"]}}],"collection":[{"href":"https:\/\/kraftan.nu\/index.php?rest_route=\/wp\/v2\/posts"}],"about":[{"href":"https:\/\/kraftan.nu\/index.php?rest_route=\/wp\/v2\/types\/post"}],"author":[{"embeddable":true,"href":"https:\/\/kraftan.nu\/index.php?rest_route=\/wp\/v2\/users\/1"}],"replies":[{"embeddable":true,"href":"https:\/\/kraftan.nu\/index.php?rest_route=%2Fwp%2Fv2%2Fcomments&post=2235"}],"version-history":[{"count":1,"href":"https:\/\/kraftan.nu\/index.php?rest_route=\/wp\/v2\/posts\/2235\/revisions"}],"predecessor-version":[{"id":2236,"href":"https:\/\/kraftan.nu\/index.php?rest_route=\/wp\/v2\/posts\/2235\/revisions\/2236"}],"wp:attachment":[{"href":"https:\/\/kraftan.nu\/index.php?rest_route=%2Fwp%2Fv2%2Fmedia&parent=2235"}],"wp:term":[{"taxonomy":"category","embeddable":true,"href":"https:\/\/kraftan.nu\/index.php?rest_route=%2Fwp%2Fv2%2Fcategories&post=2235"},{"taxonomy":"post_tag","embeddable":true,"href":"https:\/\/kraftan.nu\/index.php?rest_route=%2Fwp%2Fv2%2Ftags&post=2235"}],"curies":[{"name":"wp","href":"https:\/\/api.w.org\/{rel}","templated":true}]}}