{"id":2233,"date":"2020-12-05T18:55:10","date_gmt":"2020-12-05T18:55:10","guid":{"rendered":"https:\/\/kraftan.nu\/?p=2233"},"modified":"2020-12-05T18:55:11","modified_gmt":"2020-12-05T18:55:11","slug":"lunchmeny-v-50-6","status":"publish","type":"post","link":"https:\/\/kraftan.nu\/?p=2233","title":{"rendered":"Lunchmeny V.50"},"content":{"rendered":"\n<p>V50<\/p>\n\n\n\n<p><strong>M\u00e5ndag<\/strong><br>\n<strong>L\u00e4ttrimmad\ntorsk med basilikas\u00e5s och saffranspilaff<\/strong><\/p>\n\n\n\n<p><strong>Gr\u00e4ddkokta viltskavsgryta med r\u00e5r\u00f6rda\nlingon och potatispur\u00e9 <\/strong><\/p>\n\n\n\n<p><strong>Veckans husman fr\u00e5n k\u00f6ket: <a>Kalops med r\u00f6dbetor <\/a><a><br>\nVegan: <\/a>Rotfruktsgryta <\/strong><strong><\/strong><\/p>\n\n\n\n<p><strong><br>\nTisdag<\/strong><br>\n<strong>Fiskgryta\n\u201dbouridde\u201d med dillglaserad svartrot &nbsp;<\/strong><\/p>\n\n\n\n<p><a><strong>Schnitzel \u201dCordon blue\u201d\nmed gr\u00e4ddkokta champinjoner och r\u00e5stekt potatis<\/strong><\/a><\/p>\n\n\n\n<p><strong>Veckans husman fr\u00e5n\nk\u00f6ket: Kalops med r\u00f6dbetor<br>\nVegan: Quorngryta <\/strong><strong><br>\n<br>\n<\/strong><strong>Onsdag<\/strong><br>\n<strong>Friterad kungsflundra\nmed dansk remoulads\u00e5s och kokt potatis<\/strong><\/p>\n\n\n\n<p><strong>\u00d6rtfylld kalvbringa med senapssky,\npetit pois och potatispur\u00e9<br>\nVeckans husman fr\u00e5n k\u00f6ket: Kalops med r\u00f6dbetor<\/strong><strong><\/strong><\/p>\n\n\n\n<p><strong>Vegan: Mexikansk sojaf\u00e4rsgryta<\/strong><strong><br>\n<\/strong><strong><br>\nTorsdag<\/strong><br>\n<strong>\u00c4rtsoppa\noch pannkaksbuff\u00e9 \u00e4t s\u00e5 mycket du vill<\/strong><\/p>\n\n\n\n<p><strong>Halstrad gravad lax med senap\n&amp; honungsrippel samt dillstuvad potatis<br>\nLammf\u00e4rsbiffar med rostad tomats\u00e5s, fetaostcr\u00e9me och klyftpotatis<\/strong><\/p>\n\n\n\n<p><strong>Veckans husman fr\u00e5n k\u00f6ket: Kalops\nmed r\u00f6dbetor<\/strong><strong><\/strong><\/p>\n\n\n\n<p><strong>Vegan: Rostad r\u00f6dbetsgryta med\nblomk\u00e5l<\/strong><strong><\/strong><\/p>\n\n\n\n<p><strong><br>\nFredag<\/strong><em><br>\n<\/em><strong>\u00c5ngad\nKolja med bl\u00e5mussels\u00e5s, svampragu och dillstekt potatis<\/strong><\/p>\n\n\n\n<p><strong>&nbsp;Bbq stekt flankstek med \u201dcorn on the cob\u201d, balsamicosky\noch potatisgrat\u00e4ng <\/strong><\/p>\n\n\n\n<p><strong>Veckans husman fr\u00e5n k\u00f6ket: Kalops\nmed r\u00f6dbetor<\/strong><\/p>\n\n\n\n<p><strong>Vegan: Tikka Masala<\/strong><strong><\/strong><\/p>\n","protected":false},"excerpt":{"rendered":"<p>V50 M\u00e5ndag L\u00e4ttrimmad torsk med basilikas\u00e5s och saffranspilaff Gr\u00e4ddkokta viltskavsgryta med r\u00e5r\u00f6rda lingon och potatispur\u00e9 Veckans husman fr\u00e5n k\u00f6ket: Kalops [&hellip;]<\/p>\n","protected":false},"author":1,"featured_media":0,"comment_status":"closed","ping_status":"open","sticky":false,"template":"","format":"standard","meta":{"_monsterinsights_skip_tracking":false,"_monsterinsights_sitenote_active":false,"_monsterinsights_sitenote_note":"","_monsterinsights_sitenote_category":0,"footnotes":""},"categories":[4],"tags":[],"class_list":["post-2233","post","type-post","status-publish","format-standard","hentry","category-menyer"],"_links":{"self":[{"href":"https:\/\/kraftan.nu\/index.php?rest_route=\/wp\/v2\/posts\/2233","targetHints":{"allow":["GET"]}}],"collection":[{"href":"https:\/\/kraftan.nu\/index.php?rest_route=\/wp\/v2\/posts"}],"about":[{"href":"https:\/\/kraftan.nu\/index.php?rest_route=\/wp\/v2\/types\/post"}],"author":[{"embeddable":true,"href":"https:\/\/kraftan.nu\/index.php?rest_route=\/wp\/v2\/users\/1"}],"replies":[{"embeddable":true,"href":"https:\/\/kraftan.nu\/index.php?rest_route=%2Fwp%2Fv2%2Fcomments&post=2233"}],"version-history":[{"count":1,"href":"https:\/\/kraftan.nu\/index.php?rest_route=\/wp\/v2\/posts\/2233\/revisions"}],"predecessor-version":[{"id":2234,"href":"https:\/\/kraftan.nu\/index.php?rest_route=\/wp\/v2\/posts\/2233\/revisions\/2234"}],"wp:attachment":[{"href":"https:\/\/kraftan.nu\/index.php?rest_route=%2Fwp%2Fv2%2Fmedia&parent=2233"}],"wp:term":[{"taxonomy":"category","embeddable":true,"href":"https:\/\/kraftan.nu\/index.php?rest_route=%2Fwp%2Fv2%2Fcategories&post=2233"},{"taxonomy":"post_tag","embeddable":true,"href":"https:\/\/kraftan.nu\/index.php?rest_route=%2Fwp%2Fv2%2Ftags&post=2233"}],"curies":[{"name":"wp","href":"https:\/\/api.w.org\/{rel}","templated":true}]}}