{"id":2231,"date":"2020-11-28T10:25:26","date_gmt":"2020-11-28T10:25:26","guid":{"rendered":"https:\/\/kraftan.nu\/?p=2231"},"modified":"2020-11-28T10:25:28","modified_gmt":"2020-11-28T10:25:28","slug":"lunchmeny-v-49-8","status":"publish","type":"post","link":"https:\/\/kraftan.nu\/?p=2231","title":{"rendered":"Lunchmeny V. 49"},"content":{"rendered":"\n<p>V49<\/p>\n\n\n\n<p><strong>M\u00e5ndag<br>\n&nbsp;<\/strong><em>Laxpanna med basilika,\ntomat och grana padano serveras med \u00f6rtrisoni<br>\nF\u00e4rsbiff med svamps\u00e5s, bakad tomat och r\u00e5stekt potatis<br>\n<a>Veckans husman fr\u00e5n k\u00f6ket: <\/a>Bratwurst med surk\u00e5l,\nsenapssky och kokt potatis<br>\nVeg: Mexikansk b\u00f6n &amp; linsgryta<br>\n<\/em><strong><br>\nTisdag<\/strong><br>\n<em>Pankofriterad sej med kall roms\u00e5s och kokt potatis<\/em><br>\n<em>Rimmat sidfl\u00e4sk med raggmunk, bruna b\u00f6nor eller l\u00f6ks\u00e5s<br>\nVeckans husman fr\u00e5n k\u00f6ket:\nBratwurst med surk\u00e5l, senapssky och kokt potatis<br>\nVeg: Toulouse casserole<\/em><br>\n<strong><br>\nOnsdag<\/strong><br>\n<em>Parmesangratinerad\ntorsk med vitvinss\u00e5s, socker\u00e4rtor och pommes duchesse<\/em><em> <br>\nWienerschnitzel med tillbeh\u00f6r samt r\u00e5stekt potatis <br>\nVeckans husman fr\u00e5n k\u00f6ket:\nBratwurst med surk\u00e5l, senapssky och kokt potatis<\/em><em><br>\nVeg: Rostad rotfruktsgryta <\/em><em><\/em><\/p>\n\n\n\n<p><strong>Torsdag<\/strong><\/p>\n\n\n\n<p><em>\u00c4rtsoppa och\npannkaksbuff\u00e9 \u00e4t s\u00e5 mycket du vill <br>\nFiskburgare med skaldjursris och saffransaioli<\/em><em><br>\n<\/em><em>Chipotlestekt kycklingfil\u00e9 med citronvelout\u00e9 och s\u00f6tpotatispur\u00e9<br>\nVeckans husman fr\u00e5n k\u00f6ket:\nBratwurst med surk\u00e5l, senapssky och kokt potatis<br>\nVeg: S\u00f6tpotatisgryta<\/em><em><\/em><\/p>\n\n\n\n<p>Fredag<em><\/em><\/p>\n\n\n\n<p><em>Pocherad fisk med r\u00e4ks\u00e5s,\nglaserade prim\u00f6rer och dillslungad potatis<br>\nG\u00f6dkalv \u201dtri tip\u201d med bl\u00e5b\u00e4rsreduktion, cognacsgr\u00e4dds\u00e5s och r\u00e5stekt potatis<br>\nVeckans husman fr\u00e5n k\u00f6ket:\nBratwurst med surk\u00e5l, senapssky och kokt potatis Veg: Quorngryta<\/em><\/p>\n","protected":false},"excerpt":{"rendered":"<p>V49 M\u00e5ndag &nbsp;Laxpanna med basilika, tomat och grana padano serveras med \u00f6rtrisoni F\u00e4rsbiff med svamps\u00e5s, bakad tomat och r\u00e5stekt potatis [&hellip;]<\/p>\n","protected":false},"author":1,"featured_media":0,"comment_status":"closed","ping_status":"open","sticky":false,"template":"","format":"standard","meta":{"_monsterinsights_skip_tracking":false,"_monsterinsights_sitenote_active":false,"_monsterinsights_sitenote_note":"","_monsterinsights_sitenote_category":0,"footnotes":""},"categories":[4],"tags":[],"class_list":["post-2231","post","type-post","status-publish","format-standard","hentry","category-menyer"],"_links":{"self":[{"href":"https:\/\/kraftan.nu\/index.php?rest_route=\/wp\/v2\/posts\/2231","targetHints":{"allow":["GET"]}}],"collection":[{"href":"https:\/\/kraftan.nu\/index.php?rest_route=\/wp\/v2\/posts"}],"about":[{"href":"https:\/\/kraftan.nu\/index.php?rest_route=\/wp\/v2\/types\/post"}],"author":[{"embeddable":true,"href":"https:\/\/kraftan.nu\/index.php?rest_route=\/wp\/v2\/users\/1"}],"replies":[{"embeddable":true,"href":"https:\/\/kraftan.nu\/index.php?rest_route=%2Fwp%2Fv2%2Fcomments&post=2231"}],"version-history":[{"count":1,"href":"https:\/\/kraftan.nu\/index.php?rest_route=\/wp\/v2\/posts\/2231\/revisions"}],"predecessor-version":[{"id":2232,"href":"https:\/\/kraftan.nu\/index.php?rest_route=\/wp\/v2\/posts\/2231\/revisions\/2232"}],"wp:attachment":[{"href":"https:\/\/kraftan.nu\/index.php?rest_route=%2Fwp%2Fv2%2Fmedia&parent=2231"}],"wp:term":[{"taxonomy":"category","embeddable":true,"href":"https:\/\/kraftan.nu\/index.php?rest_route=%2Fwp%2Fv2%2Fcategories&post=2231"},{"taxonomy":"post_tag","embeddable":true,"href":"https:\/\/kraftan.nu\/index.php?rest_route=%2Fwp%2Fv2%2Ftags&post=2231"}],"curies":[{"name":"wp","href":"https:\/\/api.w.org\/{rel}","templated":true}]}}