{"id":2228,"date":"2020-11-21T17:33:52","date_gmt":"2020-11-21T17:33:52","guid":{"rendered":"https:\/\/kraftan.nu\/?p=2228"},"modified":"2020-11-21T17:33:53","modified_gmt":"2020-11-21T17:33:53","slug":"lunchmeny-v-48-7","status":"publish","type":"post","link":"https:\/\/kraftan.nu\/?p=2228","title":{"rendered":"Lunchmeny V.48"},"content":{"rendered":"\n<p>V48<\/p>\n\n\n\n<p><strong>M\u00e5ndag<\/strong><br>\n<em>\u00c5ngad kolja med saffrans\u00e5s, gr\u00f6n \u00e4rtpur\u00e9 och dillslungad\npotatis<br>\nPannbiff med stekt l\u00f6k, r\u00f6dvinss\u00e5s och potatispur\u00e9<br>\nVeckans husman fr\u00e5n k\u00f6ket: <a>Stekt fl\u00e4sk med l\u00f6ks\u00e5s och\nkokt potatis<br>\n<\/a>Veg: H\u00f6stig gryta med svamp, rotfrukter och betor<br>\n<\/em><strong>Tisdag<\/strong><br>\n<em>Bakad lubb med dills\u00e5s, honungsglaserad morot samt kokt\npotatis <br>\nBbq stekt fl\u00e4skfil\u00e9 med r\u00f6dl\u00f6kssky och potatisgrat\u00e4ng <br>\nVeckans husman fr\u00e5n k\u00f6ket: Stekt\nfl\u00e4sk med l\u00f6ks\u00e5s och kokt potatis<br>\nVeg: Brynt k\u00e5lgryta med rostad sojaf\u00e4rs <\/em><br>\n<strong>Onsdag<\/strong><br>\n<em>L\u00e4ttrimmad torsk med brynt vitl\u00f6kssm\u00f6r, tomatconcass\u00e9 och\nsvamprisotto <\/em><br>\n<em>Schnitzel med bearnaises\u00e5s och r\u00e5stekt potatis<br>\nVeckans husman fr\u00e5n k\u00f6ket: Stekt\nfl\u00e4sk med l\u00f6ks\u00e5s och kokt potatis<\/em><em><br>\nVeg: S\u00f6tpotatisgryta<\/em><em><\/em><\/p>\n\n\n\n<p><strong>Torsdag<\/strong><\/p>\n\n\n\n<p><em>\u00c4rtsoppa och\npannkaksbuff\u00e9 \u00e4t s\u00e5 mycket du vill<br>\nFiskgryta med smak av hummer &amp; apelsin serveras med vitl\u00f6ksmajonn\u00e4s <br>\nCajunstekt majskycklingl\u00e5r med kokosris och limeyoghurt<br>\nVeckans husman fr\u00e5n k\u00f6ket: Stekt\nfl\u00e4sk med l\u00f6ks\u00e5s och kokt potatis <br>\nVeg: Gr\u00f6nsaksgumbo<\/em><\/p>\n\n\n\n<p>Fredag<em><\/em><\/p>\n\n\n\n<p><em>Ugnstekt sejfil\u00e9 med skogssvamps\u00e5s\n&amp; vitl\u00f6ksrostad potatis<\/em><br>\n<em>\u00c4lgf\u00e4rslimpa med bj\u00f6rnb\u00e4rss\u00e5s, stekt \u00e4pple &amp; rosmarin\nsamt sk\u00e5nsk potatis<br>\nVeckans husman fr\u00e5n k\u00f6ket: Stekt\nfl\u00e4sk med l\u00f6ks\u00e5s och kokt potatis &nbsp;&nbsp;&nbsp;&nbsp;<br>\nVeg: B\u00f6n &amp; linsgryta med tomat &amp; \u00f6rter<\/em><\/p>\n","protected":false},"excerpt":{"rendered":"<p>V48 M\u00e5ndag \u00c5ngad kolja med saffrans\u00e5s, gr\u00f6n \u00e4rtpur\u00e9 och dillslungad potatis Pannbiff med stekt l\u00f6k, r\u00f6dvinss\u00e5s och potatispur\u00e9 Veckans husman [&hellip;]<\/p>\n","protected":false},"author":1,"featured_media":0,"comment_status":"closed","ping_status":"open","sticky":false,"template":"","format":"standard","meta":{"_monsterinsights_skip_tracking":false,"_monsterinsights_sitenote_active":false,"_monsterinsights_sitenote_note":"","_monsterinsights_sitenote_category":0,"footnotes":""},"categories":[4],"tags":[],"class_list":["post-2228","post","type-post","status-publish","format-standard","hentry","category-menyer"],"_links":{"self":[{"href":"https:\/\/kraftan.nu\/index.php?rest_route=\/wp\/v2\/posts\/2228","targetHints":{"allow":["GET"]}}],"collection":[{"href":"https:\/\/kraftan.nu\/index.php?rest_route=\/wp\/v2\/posts"}],"about":[{"href":"https:\/\/kraftan.nu\/index.php?rest_route=\/wp\/v2\/types\/post"}],"author":[{"embeddable":true,"href":"https:\/\/kraftan.nu\/index.php?rest_route=\/wp\/v2\/users\/1"}],"replies":[{"embeddable":true,"href":"https:\/\/kraftan.nu\/index.php?rest_route=%2Fwp%2Fv2%2Fcomments&post=2228"}],"version-history":[{"count":1,"href":"https:\/\/kraftan.nu\/index.php?rest_route=\/wp\/v2\/posts\/2228\/revisions"}],"predecessor-version":[{"id":2229,"href":"https:\/\/kraftan.nu\/index.php?rest_route=\/wp\/v2\/posts\/2228\/revisions\/2229"}],"wp:attachment":[{"href":"https:\/\/kraftan.nu\/index.php?rest_route=%2Fwp%2Fv2%2Fmedia&parent=2228"}],"wp:term":[{"taxonomy":"category","embeddable":true,"href":"https:\/\/kraftan.nu\/index.php?rest_route=%2Fwp%2Fv2%2Fcategories&post=2228"},{"taxonomy":"post_tag","embeddable":true,"href":"https:\/\/kraftan.nu\/index.php?rest_route=%2Fwp%2Fv2%2Ftags&post=2228"}],"curies":[{"name":"wp","href":"https:\/\/api.w.org\/{rel}","templated":true}]}}