{"id":2226,"date":"2020-11-14T16:11:25","date_gmt":"2020-11-14T16:11:25","guid":{"rendered":"https:\/\/kraftan.nu\/?p=2226"},"modified":"2020-11-14T16:11:26","modified_gmt":"2020-11-14T16:11:26","slug":"lunchmeny-v-47-8","status":"publish","type":"post","link":"https:\/\/kraftan.nu\/?p=2226","title":{"rendered":"Lunchmeny V.47"},"content":{"rendered":"\n<p>V47<\/p>\n\n\n\n<p><strong>M\u00e5ndag<\/strong><br>\n<strong>\u00c5ngad\nflundra med parmesans\u00e5s och gremolata serveras med potatispur\u00e9<\/strong><\/p>\n\n\n\n<p><strong>Fl\u00e4skfil\u00e9 \u201dprovencale\u201d med\nvitl\u00f6kssm\u00f6r och vitl\u00f6ksstekt potatis<\/strong><\/p>\n\n\n\n<p><a><strong>Veckans husman fr\u00e5n\nk\u00f6ket: Sm\u00f6rstekta kroppkakor med r\u00e5r\u00f6rda lingon <\/strong><\/a><strong><br>\nVegetarisk: <\/strong><strong>S\u00f6tpotatisgryta <\/strong><strong><\/strong><\/p>\n\n\n\n<p><strong><br>\nTisdag<\/strong><br>\n<strong>Friterade\nfiskkakor med wasabimajjo, pak choi och brynt mandelris<\/strong><\/p>\n\n\n\n<p><strong>Sm\u00f6rstekt raggmunk med rimmat\nsidfl\u00e4sk och r\u00e5r\u00f6rda lingon<\/strong><\/p>\n\n\n\n<p><a><strong>Veckans husman fr\u00e5n\nk\u00f6ket: Sm\u00f6rstekta kroppkakor med r\u00e5r\u00f6rda lingon<br>\nVegetarisk: Indisk b\u00f6ngryta<\/strong><\/a><strong><br>\n<br>\n<\/strong><strong>Onsdag<\/strong><br>\n<strong>Skaldjursgratinerad\nsejfil\u00e9 med pr\u00e4stostduchesse &nbsp;<\/strong><\/p>\n\n\n\n<p><strong>Glazerad flankstek med mangosalsa,\nr\u00f6kt chilisky samt r\u00e5stekt potatis <\/strong><\/p>\n\n\n\n<p><strong>Halstrad lax med hollandaises\u00e5s\noch kokt potatis<br>\nKrispig majskyckling med saffran &amp; honungsrippel, rostad majsaioli, och\nklyftpotatis<\/strong><\/p>\n\n\n\n<p><strong>Veckans husman fr\u00e5n k\u00f6ket: Sm\u00f6rstekta\nkroppkakor med r\u00e5r\u00f6rda lingon Vegetarisk: Quorngryta <\/strong><strong><br>\n<br>\nTorsdag<\/strong><br>\n<strong>\u00c4rtsoppa\noch pannkaksbuff\u00e9 \u00e4t s\u00e5 mycket du vill<\/strong><\/p>\n\n\n\n<p><strong>Veckans husman fr\u00e5n k\u00f6ket: Sm\u00f6rstekta kroppkakor med r\u00e5r\u00f6rda lingon <\/strong><\/p>\n\n\n\n<p><strong>Vegetarisk: Orientalisk linsgryta<\/strong><\/p>\n\n\n\n<p><strong><br>\nFredag<\/strong><em><br>\n<\/em><strong>Spr\u00f6dstekt\ntorsk med kr\u00e4ftskagen, haricots verts och kokt potatis<\/strong><\/p>\n\n\n\n<p><strong>Wallenbergare med skirat sm\u00f6r,\npetit pois och potatispur\u00e9<br>\nVeckans husman fr\u00e5n k\u00f6ket: Sm\u00f6rstekta kroppkakor med r\u00e5r\u00f6rda lingon<\/strong><\/p>\n\n\n\n<p><strong>Vegan: Texaschili<\/strong><strong><\/strong><\/p>\n","protected":false},"excerpt":{"rendered":"<p>V47 M\u00e5ndag \u00c5ngad flundra med parmesans\u00e5s och gremolata serveras med potatispur\u00e9 Fl\u00e4skfil\u00e9 \u201dprovencale\u201d med vitl\u00f6kssm\u00f6r och vitl\u00f6ksstekt potatis Veckans husman [&hellip;]<\/p>\n","protected":false},"author":1,"featured_media":0,"comment_status":"closed","ping_status":"open","sticky":false,"template":"","format":"standard","meta":{"_monsterinsights_skip_tracking":false,"_monsterinsights_sitenote_active":false,"_monsterinsights_sitenote_note":"","_monsterinsights_sitenote_category":0,"footnotes":""},"categories":[4],"tags":[],"class_list":["post-2226","post","type-post","status-publish","format-standard","hentry","category-menyer"],"_links":{"self":[{"href":"https:\/\/kraftan.nu\/index.php?rest_route=\/wp\/v2\/posts\/2226","targetHints":{"allow":["GET"]}}],"collection":[{"href":"https:\/\/kraftan.nu\/index.php?rest_route=\/wp\/v2\/posts"}],"about":[{"href":"https:\/\/kraftan.nu\/index.php?rest_route=\/wp\/v2\/types\/post"}],"author":[{"embeddable":true,"href":"https:\/\/kraftan.nu\/index.php?rest_route=\/wp\/v2\/users\/1"}],"replies":[{"embeddable":true,"href":"https:\/\/kraftan.nu\/index.php?rest_route=%2Fwp%2Fv2%2Fcomments&post=2226"}],"version-history":[{"count":1,"href":"https:\/\/kraftan.nu\/index.php?rest_route=\/wp\/v2\/posts\/2226\/revisions"}],"predecessor-version":[{"id":2227,"href":"https:\/\/kraftan.nu\/index.php?rest_route=\/wp\/v2\/posts\/2226\/revisions\/2227"}],"wp:attachment":[{"href":"https:\/\/kraftan.nu\/index.php?rest_route=%2Fwp%2Fv2%2Fmedia&parent=2226"}],"wp:term":[{"taxonomy":"category","embeddable":true,"href":"https:\/\/kraftan.nu\/index.php?rest_route=%2Fwp%2Fv2%2Fcategories&post=2226"},{"taxonomy":"post_tag","embeddable":true,"href":"https:\/\/kraftan.nu\/index.php?rest_route=%2Fwp%2Fv2%2Ftags&post=2226"}],"curies":[{"name":"wp","href":"https:\/\/api.w.org\/{rel}","templated":true}]}}