{"id":2224,"date":"2020-11-06T16:08:05","date_gmt":"2020-11-06T16:08:05","guid":{"rendered":"https:\/\/kraftan.nu\/?p=2224"},"modified":"2020-11-06T16:08:06","modified_gmt":"2020-11-06T16:08:06","slug":"lunchmeny-v-46-7","status":"publish","type":"post","link":"https:\/\/kraftan.nu\/?p=2224","title":{"rendered":"Lunchmeny V.46"},"content":{"rendered":"\n<p><strong>M\u00e5ndag<\/strong><br><em>Pankostekt flundra med dansk remoulad och kokt potatis<br> \u00c4lgf\u00e4rsbiff med tryffels\u00e5s, svampragu och rostad potatis<br> Veckans husman fr\u00e5n k\u00f6ket: Isterband med stuvad potatis och r\u00f6dbetor<br> Vegan: H\u00f6stig gryta med svamp, rotfrukter och betor<br> <\/em><strong>Tisdag<\/strong><br><em>\u00c5ngad l\u00e5ngafil\u00e9 med bl\u00e5mussels\u00e5s, l\u00f6k &amp; f\u00e4nk\u00e5lsfr\u00e4s samt kokt potatis <br> Kalvrostbiff med r\u00f6dvinsreduktion, bearnaises\u00e5s och stekt potatis<br> Veckans husman fr\u00e5n k\u00f6ket: Isterband med stuvad potatis och r\u00f6dbetor <br> Vegan: Lins och b\u00f6ngryta med saffran och vitt vin <\/em><\/p>\n\n\n\n<p><strong>Onsdag<\/strong><br>\n<em>Pocherad lax med gr\u00f6nsaksjulienne, skaldjurss\u00e5s och kokt\npotatis<\/em><br>\n<em>Pepparstekt majskycklingbr\u00f6st med apelsins\u00e5s och\npotatisgrat\u00e4ng <br>\nVeckans husman fr\u00e5n k\u00f6ket:\nIsterband med stuvad potatis och r\u00f6dbetor<\/em><em> <br>\nVeg: Pulled Oumph <\/em><em><\/em><\/p>\n\n\n\n<p><strong>Torsdag<\/strong><\/p>\n\n\n\n<p><em>\u00c4rtsoppa och\npannkaksbuff\u00e9 \u00e4t s\u00e5 mycket du vill<br>\n\u00d6rt &amp; parmesanbakad sej med vitvinss\u00e5s, brynt morotspur\u00e9 och potatisstomp<br>\nPorterstek med portergr\u00e4dds\u00e5s, svartvinb\u00e4rsgel\u00e9, brysselk\u00e5l och rostad potatis<br>\nVeckans husman fr\u00e5n k\u00f6ket: Isterband\nmed stuvad potatis och r\u00f6dbetor&nbsp;&nbsp;&nbsp;\nVegan: Rostad rotfruktsgryta<\/em><\/p>\n\n\n\n<p>Fredag<em><\/em><\/p>\n\n\n\n<p><em>Halstrad torsk med\nkantarells\u00e5s, syltad l\u00f6k och dillstekt potatis<\/em><br>\n<em>Lammgryta med vitl\u00f6k och r\u00f6dvin serveras med rotfrukter &amp;\npilaffris<br>\nVeckans husman fr\u00e5n k\u00f6ket:\nIsterband med stuvad potatis och r\u00f6dbetor &nbsp;&nbsp;&nbsp;&nbsp;Vegan: Black bean cajun <\/em><\/p>\n","protected":false},"excerpt":{"rendered":"<p>M\u00e5ndagPankostekt flundra med dansk remoulad och kokt potatis \u00c4lgf\u00e4rsbiff med tryffels\u00e5s, svampragu och rostad potatis Veckans husman fr\u00e5n k\u00f6ket: Isterband [&hellip;]<\/p>\n","protected":false},"author":1,"featured_media":0,"comment_status":"closed","ping_status":"open","sticky":false,"template":"","format":"standard","meta":{"_monsterinsights_skip_tracking":false,"_monsterinsights_sitenote_active":false,"_monsterinsights_sitenote_note":"","_monsterinsights_sitenote_category":0,"footnotes":""},"categories":[4],"tags":[],"class_list":["post-2224","post","type-post","status-publish","format-standard","hentry","category-menyer"],"_links":{"self":[{"href":"https:\/\/kraftan.nu\/index.php?rest_route=\/wp\/v2\/posts\/2224","targetHints":{"allow":["GET"]}}],"collection":[{"href":"https:\/\/kraftan.nu\/index.php?rest_route=\/wp\/v2\/posts"}],"about":[{"href":"https:\/\/kraftan.nu\/index.php?rest_route=\/wp\/v2\/types\/post"}],"author":[{"embeddable":true,"href":"https:\/\/kraftan.nu\/index.php?rest_route=\/wp\/v2\/users\/1"}],"replies":[{"embeddable":true,"href":"https:\/\/kraftan.nu\/index.php?rest_route=%2Fwp%2Fv2%2Fcomments&post=2224"}],"version-history":[{"count":1,"href":"https:\/\/kraftan.nu\/index.php?rest_route=\/wp\/v2\/posts\/2224\/revisions"}],"predecessor-version":[{"id":2225,"href":"https:\/\/kraftan.nu\/index.php?rest_route=\/wp\/v2\/posts\/2224\/revisions\/2225"}],"wp:attachment":[{"href":"https:\/\/kraftan.nu\/index.php?rest_route=%2Fwp%2Fv2%2Fmedia&parent=2224"}],"wp:term":[{"taxonomy":"category","embeddable":true,"href":"https:\/\/kraftan.nu\/index.php?rest_route=%2Fwp%2Fv2%2Fcategories&post=2224"},{"taxonomy":"post_tag","embeddable":true,"href":"https:\/\/kraftan.nu\/index.php?rest_route=%2Fwp%2Fv2%2Ftags&post=2224"}],"curies":[{"name":"wp","href":"https:\/\/api.w.org\/{rel}","templated":true}]}}