{"id":2218,"date":"2020-10-23T13:53:31","date_gmt":"2020-10-23T13:53:31","guid":{"rendered":"https:\/\/kraftan.nu\/?p=2218"},"modified":"2020-10-23T13:53:33","modified_gmt":"2020-10-23T13:53:33","slug":"lunchmeny-v-44-9","status":"publish","type":"post","link":"https:\/\/kraftan.nu\/?p=2218","title":{"rendered":"Lunchmeny V.44"},"content":{"rendered":"\n<p><strong>M\u00e5ndag <\/strong><br>\n<em>Laxpanna med basilika, tomat och grana padano serveras med\n\u00f6rtrisoni<br>\nBbq stekt karr\u00e9 med bearnaises\u00e5s och klyftpotatis<br>\n<a>Veckans husman fr\u00e5n k\u00f6ket: <\/a>Bratwurst med surk\u00e5l,\nsenapssky och potatispur\u00e9<br>\nVegan: Mexikansk b\u00f6n &amp; linsgryta<br>\n<\/em><strong>Tisdag<\/strong><br>\n<em>Sm\u00f6rstekt kummel med skaldjursris och saffransaioli<br>\nWienerschnitzel med tilllbeh\u00f6r och r\u00e5stekt potatis<br>\nVeckans husman fr\u00e5n k\u00f6ket:\nBratwurst med surk\u00e5l, senapssky och potatispur\u00e9<br>\nVegan: Toulouse casserole<\/em><br>\n<strong>Onsdag<\/strong><br>\n<em>Pankofriterad sejfil\u00e9 med kall roms\u00e5s och kokt potatis<\/em><br>\n<em>Confiterat ankl\u00e5r med tryffelsky, dijonnaise och rostad\npotatis<br>\nVeckans husman fr\u00e5n k\u00f6ket:\nBratwurst med surk\u00e5l, senapssky och potatispur\u00e9<\/em><em><br>\nVegan: Rostad rotfruktsgryta <\/em><em><\/em><\/p>\n\n\n\n<p><strong>Torsdag<\/strong><\/p>\n\n\n\n<p><em>\u00c4rtsoppa och pannkaksbuff\u00e9\n\u00e4t s\u00e5 mycket du vill <br>\n<\/em><em>Parmesangratinerad\nlubbfil\u00e9 med vitvinss\u00e5s, socker\u00e4rtor och kokt potatis<br>\n<\/em><em>Kalvf\u00e4rsbiffar med ros\u00e9peppars\u00e5s och potatispur\u00e9<br>\nVeckans husman fr\u00e5n k\u00f6ket:\nBratwurst med surk\u00e5l, senapssky och potatispur\u00e9<br>\nVegan: S\u00f6tpotatisgryta<\/em><em><\/em><\/p>\n\n\n\n<p>Fredag<em><\/em><\/p>\n\n\n\n<p><em>Pocherad L\u00e5ngafil\u00e9 med\nbetor &amp; kapris serveras med brynt sm\u00f6r och potatis <br>\nG\u00f6dkalv \u201dtri tip\u201d med aigr doux, svampcr\u00e9meoch r\u00e5stekt potatis<br>\nVeckans husman fr\u00e5n k\u00f6ket:\nBratwurst med surk\u00e5l, senapssky och potatispur\u00e9 Vegan: Quorngryta<\/em><\/p>\n","protected":false},"excerpt":{"rendered":"<p>M\u00e5ndag Laxpanna med basilika, tomat och grana padano serveras med \u00f6rtrisoni Bbq stekt karr\u00e9 med bearnaises\u00e5s och klyftpotatis Veckans husman [&hellip;]<\/p>\n","protected":false},"author":1,"featured_media":0,"comment_status":"closed","ping_status":"open","sticky":false,"template":"","format":"standard","meta":{"_monsterinsights_skip_tracking":false,"_monsterinsights_sitenote_active":false,"_monsterinsights_sitenote_note":"","_monsterinsights_sitenote_category":0,"footnotes":""},"categories":[4],"tags":[],"class_list":["post-2218","post","type-post","status-publish","format-standard","hentry","category-menyer"],"_links":{"self":[{"href":"https:\/\/kraftan.nu\/index.php?rest_route=\/wp\/v2\/posts\/2218","targetHints":{"allow":["GET"]}}],"collection":[{"href":"https:\/\/kraftan.nu\/index.php?rest_route=\/wp\/v2\/posts"}],"about":[{"href":"https:\/\/kraftan.nu\/index.php?rest_route=\/wp\/v2\/types\/post"}],"author":[{"embeddable":true,"href":"https:\/\/kraftan.nu\/index.php?rest_route=\/wp\/v2\/users\/1"}],"replies":[{"embeddable":true,"href":"https:\/\/kraftan.nu\/index.php?rest_route=%2Fwp%2Fv2%2Fcomments&post=2218"}],"version-history":[{"count":2,"href":"https:\/\/kraftan.nu\/index.php?rest_route=\/wp\/v2\/posts\/2218\/revisions"}],"predecessor-version":[{"id":2221,"href":"https:\/\/kraftan.nu\/index.php?rest_route=\/wp\/v2\/posts\/2218\/revisions\/2221"}],"wp:attachment":[{"href":"https:\/\/kraftan.nu\/index.php?rest_route=%2Fwp%2Fv2%2Fmedia&parent=2218"}],"wp:term":[{"taxonomy":"category","embeddable":true,"href":"https:\/\/kraftan.nu\/index.php?rest_route=%2Fwp%2Fv2%2Fcategories&post=2218"},{"taxonomy":"post_tag","embeddable":true,"href":"https:\/\/kraftan.nu\/index.php?rest_route=%2Fwp%2Fv2%2Ftags&post=2218"}],"curies":[{"name":"wp","href":"https:\/\/api.w.org\/{rel}","templated":true}]}}