{"id":2214,"date":"2020-10-11T08:02:06","date_gmt":"2020-10-11T08:02:06","guid":{"rendered":"https:\/\/kraftan.nu\/?p=2214"},"modified":"2020-10-11T08:02:09","modified_gmt":"2020-10-11T08:02:09","slug":"lunchmeny-v-42-8","status":"publish","type":"post","link":"https:\/\/kraftan.nu\/?p=2214","title":{"rendered":"Lunchmeny V.42"},"content":{"rendered":"\n<p>V42<\/p>\n\n\n\n<p><strong>M\u00e5ndag<\/strong><br>\n<em>Balsamstekt sejfil\u00e9 med risotto milanese och dillvinigrette<br>\nThail\u00e4ndsk kycklinggryta med r\u00f6d curry och kokos samt ris<br>\n<a>Veckans husman fr\u00e5n k\u00f6ket: Stekt fl\u00e4sk med l\u00f6ks\u00e5s och\npotatis<\/a><br>\nVegan: Rostad quorngryta<br>\n<\/em><strong>Tisdag<\/strong><br>\n<em>Halstrad kummel med beurre blanc, stekt svartrot och\n\u00f6rtslungad potatis<br>\nL\u00e5ngbakad fl\u00e4sksida med \u00e4pple och ingef\u00e4ra serveras med potatisgrat\u00e4ng<br>\nVeckans husman fr\u00e5n k\u00f6ket: Stekt\nfl\u00e4sk med l\u00f6ks\u00e5s och potatis<br>\nVegan: Casserole p\u00e5 r\u00f6dk\u00e5l, blomk\u00e5l och honung<\/em><br>\n<strong>Onsdag<\/strong><br>\n<em>\u00c5ngad lubb med kapris, r\u00f6dbetor och brynt sm\u00f6r samt potatispur\u00e9<\/em><br>\n<em>F\u00e4rsbiffar med skogsvampss\u00e5s, bacon och \u00e4pple samt rostad\npotatis<br>\n&nbsp;Veckans husman fr\u00e5n k\u00f6ket: Stekt fl\u00e4sk med l\u00f6ks\u00e5s och potatis<\/em><em><br>\nVegan: Tacogryta med gr\u00e4ddfil och nachos <\/em><em><\/em><\/p>\n\n\n\n<p><strong>Torsdag<\/strong><\/p>\n\n\n\n<p><em>\u00c4rtsoppa och pannkaksbuff\u00e9\n\u00e4t s\u00e5 mycket du vill <br>\nTorskrygg \u201dFlorentine\u201dmed &nbsp;potatispur\u00e9<br>\nSoja och chilistekt fl\u00e4skkarr\u00e9 med wasabimajjo och r\u00e5stekt potatis<br>\nVeckans husman fr\u00e5n k\u00f6ket: Stekt\nfl\u00e4sk med l\u00f6ks\u00e5s och potatis <br>\nVegan: Indisk linsgryta<\/em><\/p>\n\n\n\n<p>Fredag<em><\/em><\/p>\n\n\n\n<p><em>Fiskgrat\u00e4ng med r\u00e4kor,\ndill och pepparrot serveras med pommes duchesse Spansk lammgryta med chorizo,\ngrillad paprika och stekt potatis <br>\nVeckans husman fr\u00e5n k\u00f6ket: Stekt\nfl\u00e4sk med l\u00f6ks\u00e5s och potatis <br>\nVegan: S\u00f6tpotatisgryta <\/em><\/p>\n","protected":false},"excerpt":{"rendered":"<p>V42 M\u00e5ndag Balsamstekt sejfil\u00e9 med risotto milanese och dillvinigrette Thail\u00e4ndsk kycklinggryta med r\u00f6d curry och kokos samt ris Veckans husman [&hellip;]<\/p>\n","protected":false},"author":1,"featured_media":0,"comment_status":"closed","ping_status":"open","sticky":false,"template":"","format":"standard","meta":{"_monsterinsights_skip_tracking":false,"_monsterinsights_sitenote_active":false,"_monsterinsights_sitenote_note":"","_monsterinsights_sitenote_category":0,"footnotes":""},"categories":[4],"tags":[],"class_list":["post-2214","post","type-post","status-publish","format-standard","hentry","category-menyer"],"_links":{"self":[{"href":"https:\/\/kraftan.nu\/index.php?rest_route=\/wp\/v2\/posts\/2214","targetHints":{"allow":["GET"]}}],"collection":[{"href":"https:\/\/kraftan.nu\/index.php?rest_route=\/wp\/v2\/posts"}],"about":[{"href":"https:\/\/kraftan.nu\/index.php?rest_route=\/wp\/v2\/types\/post"}],"author":[{"embeddable":true,"href":"https:\/\/kraftan.nu\/index.php?rest_route=\/wp\/v2\/users\/1"}],"replies":[{"embeddable":true,"href":"https:\/\/kraftan.nu\/index.php?rest_route=%2Fwp%2Fv2%2Fcomments&post=2214"}],"version-history":[{"count":1,"href":"https:\/\/kraftan.nu\/index.php?rest_route=\/wp\/v2\/posts\/2214\/revisions"}],"predecessor-version":[{"id":2215,"href":"https:\/\/kraftan.nu\/index.php?rest_route=\/wp\/v2\/posts\/2214\/revisions\/2215"}],"wp:attachment":[{"href":"https:\/\/kraftan.nu\/index.php?rest_route=%2Fwp%2Fv2%2Fmedia&parent=2214"}],"wp:term":[{"taxonomy":"category","embeddable":true,"href":"https:\/\/kraftan.nu\/index.php?rest_route=%2Fwp%2Fv2%2Fcategories&post=2214"},{"taxonomy":"post_tag","embeddable":true,"href":"https:\/\/kraftan.nu\/index.php?rest_route=%2Fwp%2Fv2%2Ftags&post=2214"}],"curies":[{"name":"wp","href":"https:\/\/api.w.org\/{rel}","templated":true}]}}