{"id":2122,"date":"2020-08-31T20:34:19","date_gmt":"2020-08-31T20:34:19","guid":{"rendered":"https:\/\/kraftan.nu\/?p=2122"},"modified":"2020-09-02T17:02:35","modified_gmt":"2020-09-02T17:02:35","slug":"lunchmeny-v-36-7","status":"publish","type":"post","link":"https:\/\/kraftan.nu\/?p=2122","title":{"rendered":"Lunchmeny v.36"},"content":{"rendered":"\n<p><strong>M\u00e5ndag 31 Augusti<\/strong><\/p>\n\n\n\n<p>Kyckling med basilikas\u00e5s &amp; basmatiris<\/p>\n\n\n\n<p>Uer med svamps\u00e5s &amp; kokt kulpotatis<\/p>\n\n\n\n<p><strong>Tisdag 1 sept<\/strong><\/p>\n\n\n\n<p>Idag st\u00e4ngt pga \u00e4garbyte!<\/p>\n\n\n\n<p><strong>Vi h\u00e4lsar alla g\u00e4ster v\u00e4lkomna tillbaka imorgon onsdag d\u00e5 vi \u00f6ppnar lunchen kl 10,00<\/strong><\/p>\n\n\n\n<p>V\u00e4lkomna \u00f6nskar Stefan med personal!<\/p>\n\n\n\n<p><strong>Onsdag 2 September<\/strong><\/p>\n\n\n\n<p>\u00d6rt &amp; vitl\u00f6kstoppad torskrygg med saffranss\u00e5s samt dillslungad potatis<\/p>\n\n\n\n<p>Biff Stroganoff serveras med saltgurka, gr\u00e4ddfil &amp; ris<\/p>\n\n\n\n<p>Fr\u00e5n k\u00f6ket:<br><br> <br>Gr\u00f6nt: Spenat &amp; ricottafylld tortellini med parmesans\u00e5s &amp; sm\u00f6rstekt skogssvamp<br>Sallad: Ceasar sallad med parmachips och kyckling<br>Sallad: R\u00e4ksallad med handskalade r\u00e4kor sparris, \u00e4gg och rhode islands\u00e5s <\/p>\n\n\n\n<p><strong>Torsdag  3 september<\/strong><\/p>\n\n\n\n<p> \u00c4rtsoppa med pannkakor, sylt och gr\u00e4dde<br>Pankopanerad sejfil\u00e9 med dansk remoulads\u00e5s och f\u00e4rsk potatis<br>K\u00f6ttf\u00e4rslimpa med gr\u00e4dds\u00e5s, lingon och stekt potatis<br>Veg: \u00c4rtsoppa med pannkakor sylt och gr\u00e4dde alt vegansk kebabgryta<br> <br><\/p>\n\n\n\n<p>\n\nFr\u00e5n k\u00f6ket:<\/p>\n\n\n\n<p>Sallad: Ceasar sallad med parmachips och kyckling<br>Sallad: R\u00e4ksallad med handskalade r\u00e4kor sparris, \u00e4gg och rhode islands\u00e5s <\/p>\n\n\n\n<p><br><br><\/p>\n\n\n\n<p><strong>Fredag 4 september<\/strong><\/p>\n\n\n\n<p>Toskansk laxpanna med tomat, parmesan och gr\u00e4dde samt ris<br>Kycklingfil\u00e9 med duxellecr\u00e9me och r\u00e5stekt potatis<br>Vegan: Indisk s\u00f6tpotatisgryta med curry, kik\u00e4rtor och kokosmj\u00f6lk<\/p>\n\n\n\n<p>\n\nFr\u00e5n k\u00f6ket:<\/p>\n\n\n\n<p>Sallad: Ceasar sallad med parmachips och kyckling<br>Sallad: R\u00e4ksallad med handskalade r\u00e4kor sparris, \u00e4gg och rhode islands\u00e5s <\/p>\n\n\n<p><br>\n<br>\n<!--StartFragment--><\/p>\n\n<p><!--EndFragment--><br>\n<br>\n<\/p>\n\n\n<p><\/p>\n","protected":false},"excerpt":{"rendered":"<p>M\u00e5ndag 31 Augusti Kyckling med basilikas\u00e5s &amp; basmatiris Uer med svamps\u00e5s &amp; kokt kulpotatis Tisdag 1 sept Idag st\u00e4ngt pga [&hellip;]<\/p>\n","protected":false},"author":1,"featured_media":0,"comment_status":"closed","ping_status":"open","sticky":false,"template":"","format":"standard","meta":{"_monsterinsights_skip_tracking":false,"_monsterinsights_sitenote_active":false,"_monsterinsights_sitenote_note":"","_monsterinsights_sitenote_category":0,"footnotes":""},"categories":[4],"tags":[],"class_list":["post-2122","post","type-post","status-publish","format-standard","hentry","category-menyer"],"_links":{"self":[{"href":"https:\/\/kraftan.nu\/index.php?rest_route=\/wp\/v2\/posts\/2122","targetHints":{"allow":["GET"]}}],"collection":[{"href":"https:\/\/kraftan.nu\/index.php?rest_route=\/wp\/v2\/posts"}],"about":[{"href":"https:\/\/kraftan.nu\/index.php?rest_route=\/wp\/v2\/types\/post"}],"author":[{"embeddable":true,"href":"https:\/\/kraftan.nu\/index.php?rest_route=\/wp\/v2\/users\/1"}],"replies":[{"embeddable":true,"href":"https:\/\/kraftan.nu\/index.php?rest_route=%2Fwp%2Fv2%2Fcomments&post=2122"}],"version-history":[{"count":4,"href":"https:\/\/kraftan.nu\/index.php?rest_route=\/wp\/v2\/posts\/2122\/revisions"}],"predecessor-version":[{"id":2137,"href":"https:\/\/kraftan.nu\/index.php?rest_route=\/wp\/v2\/posts\/2122\/revisions\/2137"}],"wp:attachment":[{"href":"https:\/\/kraftan.nu\/index.php?rest_route=%2Fwp%2Fv2%2Fmedia&parent=2122"}],"wp:term":[{"taxonomy":"category","embeddable":true,"href":"https:\/\/kraftan.nu\/index.php?rest_route=%2Fwp%2Fv2%2Fcategories&post=2122"},{"taxonomy":"post_tag","embeddable":true,"href":"https:\/\/kraftan.nu\/index.php?rest_route=%2Fwp%2Fv2%2Ftags&post=2122"}],"curies":[{"name":"wp","href":"https:\/\/api.w.org\/{rel}","templated":true}]}}