{"id":1951,"date":"2020-03-29T20:32:18","date_gmt":"2020-03-29T20:32:18","guid":{"rendered":"https:\/\/kraftan.nu\/?p=1951"},"modified":"2020-04-02T20:55:32","modified_gmt":"2020-04-02T20:55:32","slug":"lunch-v-14-2","status":"publish","type":"post","link":"https:\/\/kraftan.nu\/?p=1951","title":{"rendered":"Lunch v.14"},"content":{"rendered":"\n<p> Tack alla trogna g\u00e4ster som trots samh\u00e4llskaoset kommer ner och k\u00e4kar lunch, tack alla ni ur riskgruppen som trots alla uppmaningar om att stanna hemma \u00e4nd\u00e5 dyker upp utanf\u00f6r d\u00f6rren, tack f\u00f6r att ni st\u00e5r ut med \u00e5 se mig \u00e5 Jakob varje dag, jag g\u00f6r det knappt sj\u00e4lv&nbsp;\ud83d\ude42&nbsp;Fram\u00e5t skulle jag s\u00e4ga att det \u00e4r av vikt att kolla v\u00e5ra uppdateringar d\u00e5 vi nu verkligen f\u00e5r ta en dag i s\u00e4nder och se hur saker utvecklar sig,vi siktar p\u00e5 att st\u00e5 h\u00e4r p\u00e5 m\u00e5ndag, hoppas ni ocks\u00e5 \u00e4r med&nbsp;\ud83d\ude00<br>Trevlig helg ,ta hand om er!<\/p>\n\n\n\n<p>  <br><strong>Vi h\u00e5ller \u00f6ppet som vanligt, men med lite justerade tider, fr\u00e5n och med fredag den 20 mars kommer vi att \u00f6ppna kl 10.00 och st\u00e4nga kl 13.00.<\/strong> <\/p>\n\n\n\n<p><strong>M\u00e5ndag&nbsp;30&nbsp;mars<\/strong><\/p>\n\n\n\n<p>Alaska Pollock med wokade gr\u00f6nsaker &amp; s\u00f6tsur s\u00e5s<\/p>\n\n\n\n<p>Helstekt fl\u00e4skytterfile med dragons\u00e5s &amp; strimlad palsternacka<\/p>\n\n\n\n<p>Blomk\u00e5lssoppa<\/p>\n\n\n\n<p>Vegangryta med qinoa<\/p>\n\n\n\n<p><strong>Tisdag 31 mars<\/strong><\/p>\n\n\n\n<p>Kycklingl\u00e5rfil\u00e9 med paprika, champinjoner &amp; ris<\/p>\n\n\n\n<p>Hokifil\u00e9 med sm\u00f6rad tomats\u00e5s &amp; parmesanrostade rotsaker<\/p>\n\n\n\n<p><strong>Onsdag 1 april<\/strong><\/p>\n\n\n\n<p>Fiskgrat\u00e4ng med sejfil\u00e9, curry &amp; poatismos<\/p>\n\n\n\n<p>Stekt fl\u00e4sk med l\u00f6ks\u00e5s &amp; kokt potatis<\/p>\n\n\n\n<p><strong>Torsdag 2 April<\/strong><\/p>\n\n\n\n<p>Thail\u00e4ndska kycklingqueneller med gr\u00f6ncurry &amp; ris<\/p>\n\n\n\n<p>Fiskgryta med tomat, saffran &amp; gr\u00e4dde samt vitl\u00f6ksmajjo<\/p>\n\n\n\n<p><strong>Fredag 3 April<\/strong><\/p>\n\n\n\n<p>Panerad Sejfil\u00e9 med remoulads\u00e5s, citronbit &amp; pommes<\/p>\n\n\n\n<p>BBQ-kryddad Tritip av kalv med r\u00f6dvinssky, bearnaises\u00e5s &amp; pommes<\/p>\n\n\n\n<p>V\u00e4lkomna!<\/p>\n","protected":false},"excerpt":{"rendered":"<p>Tack alla trogna g\u00e4ster som trots samh\u00e4llskaoset kommer ner och k\u00e4kar lunch, tack alla ni ur riskgruppen som trots alla [&hellip;]<\/p>\n","protected":false},"author":1,"featured_media":0,"comment_status":"closed","ping_status":"open","sticky":false,"template":"","format":"standard","meta":{"_monsterinsights_skip_tracking":false,"_monsterinsights_sitenote_active":false,"_monsterinsights_sitenote_note":"","_monsterinsights_sitenote_category":0,"footnotes":""},"categories":[4],"tags":[],"class_list":["post-1951","post","type-post","status-publish","format-standard","hentry","category-menyer"],"_links":{"self":[{"href":"https:\/\/kraftan.nu\/index.php?rest_route=\/wp\/v2\/posts\/1951","targetHints":{"allow":["GET"]}}],"collection":[{"href":"https:\/\/kraftan.nu\/index.php?rest_route=\/wp\/v2\/posts"}],"about":[{"href":"https:\/\/kraftan.nu\/index.php?rest_route=\/wp\/v2\/types\/post"}],"author":[{"embeddable":true,"href":"https:\/\/kraftan.nu\/index.php?rest_route=\/wp\/v2\/users\/1"}],"replies":[{"embeddable":true,"href":"https:\/\/kraftan.nu\/index.php?rest_route=%2Fwp%2Fv2%2Fcomments&post=1951"}],"version-history":[{"count":8,"href":"https:\/\/kraftan.nu\/index.php?rest_route=\/wp\/v2\/posts\/1951\/revisions"}],"predecessor-version":[{"id":1961,"href":"https:\/\/kraftan.nu\/index.php?rest_route=\/wp\/v2\/posts\/1951\/revisions\/1961"}],"wp:attachment":[{"href":"https:\/\/kraftan.nu\/index.php?rest_route=%2Fwp%2Fv2%2Fmedia&parent=1951"}],"wp:term":[{"taxonomy":"category","embeddable":true,"href":"https:\/\/kraftan.nu\/index.php?rest_route=%2Fwp%2Fv2%2Fcategories&post=1951"},{"taxonomy":"post_tag","embeddable":true,"href":"https:\/\/kraftan.nu\/index.php?rest_route=%2Fwp%2Fv2%2Ftags&post=1951"}],"curies":[{"name":"wp","href":"https:\/\/api.w.org\/{rel}","templated":true}]}}