{"id":1941,"date":"2020-03-20T14:27:08","date_gmt":"2020-03-20T14:27:08","guid":{"rendered":"https:\/\/kraftan.nu\/?p=1941"},"modified":"2020-03-26T08:09:23","modified_gmt":"2020-03-26T08:09:23","slug":"lunchmeny-3","status":"publish","type":"post","link":"https:\/\/kraftan.nu\/?p=1941","title":{"rendered":"Lunchmeny"},"content":{"rendered":"\n<p>K\u00e4ra g\u00e4ster!<\/p>\n\n\n\n<p><br> N\u00e4r effekterna av Covid-19 forts\u00e4tter att p\u00e5verka oss h\u00e4r i Stockholm och \u00f6vriga v\u00e4rlden \u00e4r v\u00e5r st\u00f6rsta och f\u00f6rsta prioritet v\u00e4lbefinnande och begr\u00e4nsning av smitta bland v\u00e5ra g\u00e4ster och medarbetare.<br> <br> Vi bevakar l\u00f6pande riktlinjer och r\u00e5d fr\u00e5n V\u00e4rldsh\u00e4lsoorganisationen (WHO) samt nationella myndigheter och har st\u00e4rkt v\u00e5ra rutiner f\u00f6r att minimera risk f\u00f6r smittspridning f\u00f6r oss alla.<br> <br> <strong>Vi h\u00e5ller \u00f6ppet som vanligt, men med lite justerade tider, fr\u00e5n och med fredag den 20 mars kommer vi att \u00f6ppna kl 10.00 och st\u00e4nga kl 13.00.<br> <\/strong><br> Fr\u00e5n och med v.13 kommer ocks\u00e5 lunchmenyn att l\u00e4ggas en dag i taget f\u00f6r att vi ska ha m\u00f6jlighet att vara lite mer flexibla.<br> <br> Om du har fr\u00e5gor, tveka inte att fr\u00e5ga n\u00e5gon i personalen.<br> &nbsp;<br> Ta hand om dig sj\u00e4lv och varandra!<br> <br> V\u00e4nliga h\u00e4lsningar<\/p>\n\n\n\n<p><br> Lasse &amp; Jocke med personal<\/p>\n\n\n\n<p><\/p>\n\n\n\n<p><strong>M\u00e5ndag 23 Mars<\/strong><\/p>\n\n\n\n<p>Lubbfil\u00e9 med gr\u00f6n currys\u00e5s &amp; basmatiris<\/p>\n\n\n\n<p>Majskycklingfil\u00e9 med kantarells\u00e5s &amp; potatismos<\/p>\n\n\n\n<p>Thaisoppa med gr\u00f6na b\u00f6nor<\/p>\n\n\n\n<p>Vegansk tomat &amp; majsgryta med soyakorv<\/p>\n\n\n\n<p><strong>Tisdag&nbsp;24&nbsp;Mars<\/strong><\/p>\n\n\n\n<p>Helstekt fl\u00e4skytterfil\u00e9 med s\u00f6tpotatispur\u00e9 &amp; r\u00f6dvinss\u00e5s<\/p>\n\n\n\n<p>Basilikamarinerad torskfil\u00e9 med risotto &amp; sm\u00f6rad buljong<\/p>\n\n\n\n<p> <strong><em>Vi har efter folkh\u00e4lsomyndighetens nya direktiv idag tagit beslutet att k\u00f6ra som vanligt veckan ut, men vi uppmanar alla att vara noga med att h\u00e5lla ett gott avst\u00e5nd till varandra och inte tr\u00e4ngas med varandra runt buff\u00e9 och salladsbord d\u00e5 folkh\u00e4lsomyndigheten varit mycket tydliga p\u00e5 den punkten. Vi kommer att h\u00e5lla oss uppdaterade p\u00e5 eventuella nya direktiv till helgen. Best\u00e4ll g\u00e4rna Take Away om ni inte vill sitta i lokalen och h\u00e5ll ett \u00f6ga p\u00e5 v\u00e5ra sociala medier eller hemsida d\u00e5 vi med kort varsel kan vara tvungna att t\u00e4nka i andra banor.<\/em><\/strong><br><strong>Mvh Jocke &amp; Lasse<\/strong> <\/p>\n\n\n\n<p><strong>Onsdag 25 Mars<\/strong><\/p>\n\n\n\n<p>Panerad fisk med dill &amp; vitl\u00f6ksmajonn\u00e4s samt citronbit &amp; stekt potatis<\/p>\n\n\n\n<p>Grillad lammbavette med rosmarinsky &amp; honungsrostade rotsaker<\/p>\n\n\n\n<p><strong>Torsdag 26 Mars<\/strong><\/p>\n\n\n\n<p>Alaska Pollock med fint\u00e4rnade gr\u00f6nsaker &amp; skaldjurss\u00e5s<\/p>\n\n\n\n<p>Blandade korvar med rostad vitl\u00f6kss\u00e5s &amp; qinoasallad<\/p>\n\n\n\n<p><strong>Fredag 27 Mars<\/strong><\/p>\n\n\n\n<p>Fiskgryta med tomat, gr\u00e4dde, vitt vin &amp; dill<\/p>\n\n\n\n<p>Kalvf\u00e4rsbiffar med paprika &amp; chili samt tomats\u00e5s<\/p>\n","protected":false},"excerpt":{"rendered":"<p>K\u00e4ra g\u00e4ster! N\u00e4r effekterna av Covid-19 forts\u00e4tter att p\u00e5verka oss h\u00e4r i Stockholm och \u00f6vriga v\u00e4rlden \u00e4r v\u00e5r st\u00f6rsta och [&hellip;]<\/p>\n","protected":false},"author":1,"featured_media":0,"comment_status":"closed","ping_status":"open","sticky":false,"template":"","format":"standard","meta":{"_monsterinsights_skip_tracking":false,"_monsterinsights_sitenote_active":false,"_monsterinsights_sitenote_note":"","_monsterinsights_sitenote_category":0,"footnotes":""},"categories":[4],"tags":[],"class_list":["post-1941","post","type-post","status-publish","format-standard","hentry","category-menyer"],"_links":{"self":[{"href":"https:\/\/kraftan.nu\/index.php?rest_route=\/wp\/v2\/posts\/1941","targetHints":{"allow":["GET"]}}],"collection":[{"href":"https:\/\/kraftan.nu\/index.php?rest_route=\/wp\/v2\/posts"}],"about":[{"href":"https:\/\/kraftan.nu\/index.php?rest_route=\/wp\/v2\/types\/post"}],"author":[{"embeddable":true,"href":"https:\/\/kraftan.nu\/index.php?rest_route=\/wp\/v2\/users\/1"}],"replies":[{"embeddable":true,"href":"https:\/\/kraftan.nu\/index.php?rest_route=%2Fwp%2Fv2%2Fcomments&post=1941"}],"version-history":[{"count":6,"href":"https:\/\/kraftan.nu\/index.php?rest_route=\/wp\/v2\/posts\/1941\/revisions"}],"predecessor-version":[{"id":1949,"href":"https:\/\/kraftan.nu\/index.php?rest_route=\/wp\/v2\/posts\/1941\/revisions\/1949"}],"wp:attachment":[{"href":"https:\/\/kraftan.nu\/index.php?rest_route=%2Fwp%2Fv2%2Fmedia&parent=1941"}],"wp:term":[{"taxonomy":"category","embeddable":true,"href":"https:\/\/kraftan.nu\/index.php?rest_route=%2Fwp%2Fv2%2Fcategories&post=1941"},{"taxonomy":"post_tag","embeddable":true,"href":"https:\/\/kraftan.nu\/index.php?rest_route=%2Fwp%2Fv2%2Ftags&post=1941"}],"curies":[{"name":"wp","href":"https:\/\/api.w.org\/{rel}","templated":true}]}}