{"id":1935,"date":"2020-03-15T23:00:46","date_gmt":"2020-03-15T23:00:46","guid":{"rendered":"https:\/\/kraftan.nu\/?p=1935"},"modified":"2020-03-18T16:06:54","modified_gmt":"2020-03-18T16:06:54","slug":"lunchmeny-v-12-6","status":"publish","type":"post","link":"https:\/\/kraftan.nu\/?p=1935","title":{"rendered":"Lunchmeny V.12"},"content":{"rendered":"\n<table class=\"wp-block-table\"><tbody><tr><td>K\u00e4ra g\u00e4ster!<br>N\u00e4r effekterna av Covid-19 forts\u00e4tter att p\u00e5verka oss h\u00e4r i Stockholm och \u00f6vriga v\u00e4rlden \u00e4r v\u00e5r st\u00f6rsta och f\u00f6rsta prioritet v\u00e4lbefinnande och begr\u00e4nsning av smitta bland v\u00e5ra g\u00e4ster och medarbetare.<br><br>Vi bevakar l\u00f6pande riktlinjer och r\u00e5d fr\u00e5n V\u00e4rldsh\u00e4lsoorganisationen (WHO) samt nationella myndigheter och har st\u00e4rkt v\u00e5ra rutiner f\u00f6r att minimera risk f\u00f6r smittspridning f\u00f6r oss alla.<br><br>Vi h\u00e5ller \u00f6ppet som vanligt, men med lite justerade tider, fr\u00e5n och med     fredag den 20 mars kommer vi att \u00f6ppna kl 10.00 och st\u00e4nga kl 13.00.<br><br>Fr\u00e5n och med n\u00e4sta vecka kommer ocks\u00e5 lunchmenyn att l\u00e4ggas en dag i taget f\u00f6r att vi ska ha m\u00f6jlighet att vara lite mer flexibla.<br><br>Om du har fr\u00e5gor, tveka inte att h\u00f6ra av dig till p\u00e5 telefon 08.6747799 alternativt till Lasse p\u00e5 0707472311<br>\u00a0<br>Ta hand om dig sj\u00e4lv och varandra!<br><br>V\u00e4nliga h\u00e4lsningar<br>Lasse &amp; Jocke med personal\u00a0<\/td><\/tr><\/tbody><\/table>\n\n\n\n<table class=\"wp-block-table\"><tbody><tr><td><\/td><\/tr><\/tbody><\/table>\n\n\n\n<p><em><strong>M\u00e5ndag<\/strong><\/em><\/p>\n\n\n\n<p><em>Alaska pollock med t\u00e4rnat\n\u00e4gg och pepparrotss\u00e5s<\/em><\/p>\n\n\n\n<p><em>**<\/em><\/p>\n\n\n\n<p><em>Helstekt fl\u00e4skkarr\u00e9\nmed chiliskys\u00e5s och rostade rotsaker<\/em><\/p>\n\n\n\n<p><em>**<\/em><\/p>\n\n\n\n<p><em>Kokossoppa med curry<\/em><\/p>\n\n\n\n<p><em>Vegangryta med pumpak\u00e4rnor<\/em><\/p>\n\n\n\n<p><em><strong>Tisdag<\/strong><\/em><\/p>\n\n\n\n<p><em>\u00d6rtbakad sej med kr\u00e4mig\nmussels\u00e5s och kokt potatis<\/em><\/p>\n\n\n\n<p><em>**<\/em><\/p>\n\n\n\n<p><em>K\u00f6ttf\u00e4rslimpa med kapris, sardellgr\u00e4dds\u00e5s och potatismos<\/em><\/p>\n\n\n\n<p><em>**<\/em><\/p>\n\n\n\n<p><em>Tomat &amp; basilikasoppa<\/em><\/p>\n\n\n\n<p><em>Linsgryta med svamp<\/em><\/p>\n\n\n\n<p><em><strong>Onsdag<\/strong><\/em><\/p>\n\n\n\n<p><em>Pocherad lubb med\nvitvinss\u00e5s och dillstompad potatis<\/em><\/p>\n\n\n\n<p><em>**<\/em><\/p>\n\n\n\n<p><em>Bratwurst med jalape\u00f1okr\u00e4m, rostad plugg och skys\u00e5s<\/em><\/p>\n\n\n\n<p><em>**<\/em><\/p>\n\n\n\n<p><em>R\u00f6dbeta &amp; palsternacksoppa <\/em><\/p>\n\n\n\n<p><em>**<\/em><\/p>\n\n\n\n<p><em>Gr\u00f6nsakswok med \u00e4ggnudlar<\/em><\/p>\n\n\n\n<p><em><strong>Torsdag<\/strong><\/em><\/p>\n\n\n\n<p><em>Panerad firre med curryremoulad\noch kokta pot\u00e4ter<\/em><\/p>\n\n\n\n<p><em>**<\/em><\/p>\n\n\n\n<p><em>Lammgryta med tomat,vita\nb\u00f6nor, socker\u00e4rtor och vitl\u00f6k <\/em><\/p>\n\n\n\n<p><em>**<\/em><\/p>\n\n\n\n<p><em>Morot &amp; ingef\u00e4rssoppa med apelsin<\/em><\/p>\n\n\n\n<p><em>Soyaf\u00e4rsgryta med krossad tomat<\/em><\/p>\n\n\n\n<p><em><strong>Fredag<\/strong><\/em><\/p>\n\n\n\n<p><em>Fiskargryta med fint\u00e4rnade\nrotsaker, vitt vin och \u00f6rter<\/em><\/p>\n\n\n\n<p><em>**<\/em><\/p>\n\n\n\n<p><em>Kalvfransyska med vitl\u00f6k\n&amp; persiljesm\u00f6rad skys\u00e5s<\/em><\/p>\n\n\n\n<p><em>**<\/em><\/p>\n\n\n\n<p><em>Gr\u00f6nsakssoppa med saffran och rotsaker<\/em><\/p>\n\n\n\n<p><em>Vegangryta med lagerblad och\nkryddpeppar<\/em><\/p>\n","protected":false},"excerpt":{"rendered":"<p>K\u00e4ra g\u00e4ster!N\u00e4r effekterna av Covid-19 forts\u00e4tter att p\u00e5verka oss h\u00e4r i Stockholm och \u00f6vriga v\u00e4rlden \u00e4r v\u00e5r st\u00f6rsta och f\u00f6rsta [&hellip;]<\/p>\n","protected":false},"author":1,"featured_media":0,"comment_status":"closed","ping_status":"open","sticky":false,"template":"","format":"standard","meta":{"_monsterinsights_skip_tracking":false,"_monsterinsights_sitenote_active":false,"_monsterinsights_sitenote_note":"","_monsterinsights_sitenote_category":0,"footnotes":""},"categories":[4],"tags":[],"class_list":["post-1935","post","type-post","status-publish","format-standard","hentry","category-menyer"],"_links":{"self":[{"href":"https:\/\/kraftan.nu\/index.php?rest_route=\/wp\/v2\/posts\/1935","targetHints":{"allow":["GET"]}}],"collection":[{"href":"https:\/\/kraftan.nu\/index.php?rest_route=\/wp\/v2\/posts"}],"about":[{"href":"https:\/\/kraftan.nu\/index.php?rest_route=\/wp\/v2\/types\/post"}],"author":[{"embeddable":true,"href":"https:\/\/kraftan.nu\/index.php?rest_route=\/wp\/v2\/users\/1"}],"replies":[{"embeddable":true,"href":"https:\/\/kraftan.nu\/index.php?rest_route=%2Fwp%2Fv2%2Fcomments&post=1935"}],"version-history":[{"count":2,"href":"https:\/\/kraftan.nu\/index.php?rest_route=\/wp\/v2\/posts\/1935\/revisions"}],"predecessor-version":[{"id":1940,"href":"https:\/\/kraftan.nu\/index.php?rest_route=\/wp\/v2\/posts\/1935\/revisions\/1940"}],"wp:attachment":[{"href":"https:\/\/kraftan.nu\/index.php?rest_route=%2Fwp%2Fv2%2Fmedia&parent=1935"}],"wp:term":[{"taxonomy":"category","embeddable":true,"href":"https:\/\/kraftan.nu\/index.php?rest_route=%2Fwp%2Fv2%2Fcategories&post=1935"},{"taxonomy":"post_tag","embeddable":true,"href":"https:\/\/kraftan.nu\/index.php?rest_route=%2Fwp%2Fv2%2Ftags&post=1935"}],"curies":[{"name":"wp","href":"https:\/\/api.w.org\/{rel}","templated":true}]}}