{"id":1932,"date":"2020-03-08T21:58:33","date_gmt":"2020-03-08T21:58:33","guid":{"rendered":"https:\/\/kraftan.nu\/?p=1932"},"modified":"2020-03-08T21:58:37","modified_gmt":"2020-03-08T21:58:37","slug":"lunchmeny-v-11-5","status":"publish","type":"post","link":"https:\/\/kraftan.nu\/?p=1932","title":{"rendered":"Lunchmeny V.11"},"content":{"rendered":"\n<p><\/p>\n\n\n\n<p><em>M\u00e5ndag<\/em><\/p>\n\n\n\n<p><em>Ugnsbakad torsk med\nkantarells\u00e5s och potatisstomp<\/em><\/p>\n\n\n\n<p><em>**<\/em><\/p>\n\n\n\n<p><em>Majskyckling med\nsvartr\u00f6tter och fr\u00e4sta sm\u00e5champinjoner<\/em><\/p>\n\n\n\n<p><em>**<\/em><\/p>\n\n\n\n<p><em>Gr\u00f6nk\u00e5lssoppa<\/em><\/p>\n\n\n\n<p><em>S\u00f6tsur gryta med koriander<\/em><\/p>\n\n\n\n<p><em>Tisdag<\/em><\/p>\n\n\n\n<p><em>Uer med indisk\ncurrys\u00e5s och basmatiris<\/em><\/p>\n\n\n\n<p><em>**<\/em><\/p>\n\n\n\n<p><em>Hjortchorizo med timjansky, stekt potatis och senap<\/em><\/p>\n\n\n\n<p><em>**<\/em><\/p>\n\n\n\n<p><em>Svampsoppa<\/em><\/p>\n\n\n\n<p><em>Linsgryta med kik\u00e4rtor<\/em><\/p>\n\n\n\n<p><em>Onsdag<\/em><\/p>\n\n\n\n<p><em>Alaska pollock med teriyakis\u00e5s, minimajs och ananas <\/em><\/p>\n\n\n\n<p><em>**<\/em><\/p>\n\n\n\n<p><em>Stekt fl\u00e4sk med\nraggmunkar och r\u00e5r\u00f6rda lingon<\/em><\/p>\n\n\n\n<p><em>**<\/em><\/p>\n\n\n\n<p><em>Sparrissoppa<\/em><\/p>\n\n\n\n<p><em>S\u00f6tpotatisgryta med saffran<\/em><\/p>\n\n\n\n<p><em>Torsdag<\/em><em><\/em><\/p>\n\n\n\n<p><em>Laxlasagne med spenat\noch vitl\u00f6k <\/em><\/p>\n\n\n\n<p><em>**<\/em><\/p>\n\n\n\n<p><em>Kalvfransyska med\ndijongr\u00e4dds\u00e5s och sm\u00e5l\u00f6k<\/em><\/p>\n\n\n\n<p><em>**<\/em><\/p>\n\n\n\n<p><em>Morotssoppa med ingef\u00e4ra <\/em><\/p>\n\n\n\n<p><em>Gr\u00f6nsaksgryta med spiskummin<\/em><\/p>\n\n\n\n<p><em>Fredag<\/em><\/p>\n\n\n\n<p><em>Ugnsgrillad lamm bavette\nmed rosmarin &amp; vitl\u00f6ks\u00e5s<\/em><\/p>\n\n\n\n<p><em>**<\/em><\/p>\n\n\n\n<p><em>Fiskgryta med\ns\u00f6tpotatis &amp; jalape\u00f1os <\/em><\/p>\n\n\n\n<p><em>**<\/em><\/p>\n\n\n\n<p><em>Kr\u00e4mig broccolisoppa<\/em><\/p>\n\n\n\n<p><em>Gryta med yoghurt &amp; gul curry<\/em><\/p>\n","protected":false},"excerpt":{"rendered":"<p>M\u00e5ndag Ugnsbakad torsk med kantarells\u00e5s och potatisstomp ** Majskyckling med svartr\u00f6tter och fr\u00e4sta sm\u00e5champinjoner ** Gr\u00f6nk\u00e5lssoppa S\u00f6tsur gryta med koriander [&hellip;]<\/p>\n","protected":false},"author":1,"featured_media":0,"comment_status":"closed","ping_status":"open","sticky":false,"template":"","format":"standard","meta":{"_monsterinsights_skip_tracking":false,"_monsterinsights_sitenote_active":false,"_monsterinsights_sitenote_note":"","_monsterinsights_sitenote_category":0,"footnotes":""},"categories":[4],"tags":[],"class_list":["post-1932","post","type-post","status-publish","format-standard","hentry","category-menyer"],"_links":{"self":[{"href":"https:\/\/kraftan.nu\/index.php?rest_route=\/wp\/v2\/posts\/1932","targetHints":{"allow":["GET"]}}],"collection":[{"href":"https:\/\/kraftan.nu\/index.php?rest_route=\/wp\/v2\/posts"}],"about":[{"href":"https:\/\/kraftan.nu\/index.php?rest_route=\/wp\/v2\/types\/post"}],"author":[{"embeddable":true,"href":"https:\/\/kraftan.nu\/index.php?rest_route=\/wp\/v2\/users\/1"}],"replies":[{"embeddable":true,"href":"https:\/\/kraftan.nu\/index.php?rest_route=%2Fwp%2Fv2%2Fcomments&post=1932"}],"version-history":[{"count":1,"href":"https:\/\/kraftan.nu\/index.php?rest_route=\/wp\/v2\/posts\/1932\/revisions"}],"predecessor-version":[{"id":1933,"href":"https:\/\/kraftan.nu\/index.php?rest_route=\/wp\/v2\/posts\/1932\/revisions\/1933"}],"wp:attachment":[{"href":"https:\/\/kraftan.nu\/index.php?rest_route=%2Fwp%2Fv2%2Fmedia&parent=1932"}],"wp:term":[{"taxonomy":"category","embeddable":true,"href":"https:\/\/kraftan.nu\/index.php?rest_route=%2Fwp%2Fv2%2Fcategories&post=1932"},{"taxonomy":"post_tag","embeddable":true,"href":"https:\/\/kraftan.nu\/index.php?rest_route=%2Fwp%2Fv2%2Ftags&post=1932"}],"curies":[{"name":"wp","href":"https:\/\/api.w.org\/{rel}","templated":true}]}}