{"id":1930,"date":"2020-03-01T21:55:23","date_gmt":"2020-03-01T21:55:23","guid":{"rendered":"https:\/\/kraftan.nu\/?p=1930"},"modified":"2020-03-01T21:55:26","modified_gmt":"2020-03-01T21:55:26","slug":"lunchmeny-v-10-5","status":"publish","type":"post","link":"https:\/\/kraftan.nu\/?p=1930","title":{"rendered":"Lunchmeny V.10"},"content":{"rendered":"\n<p><\/p>\n\n\n\n<p><em><strong>M\u00e5ndag<\/strong><\/em><\/p>\n\n\n\n<p><em>Hoki med brynt sm\u00f6r, dill, citron och kokt potatis<\/em><\/p>\n\n\n\n<p><em>**<\/em><\/p>\n\n\n\n<p><em>Helstekt fl\u00e4skkarr\u00e9\nmed senapss\u00e5s och rostad potatis<\/em><\/p>\n\n\n\n<p><em>**<\/em><\/p>\n\n\n\n<p><em>Pulled veggryta med spiskummin<\/em><\/p>\n\n\n\n<p><em>Tomatsoppa <\/em><\/p>\n\n\n\n<p><em><strong>Tisdag<\/strong><\/em><\/p>\n\n\n\n<p><em>Sej med basilikas\u00e5s, marinerade tomater och stompad plugg<\/em><\/p>\n\n\n\n<p><em>**<\/em><\/p>\n\n\n\n<p><em>Hot-xxx-hot chiligryta\nmed riven ost och gr\u00e4ddfil<\/em><\/p>\n\n\n\n<p><em>**<\/em><\/p>\n\n\n\n<p><em>Gryta med zucchini och tofu<\/em><\/p>\n\n\n\n<p><em>Basilikasoppa <\/em><\/p>\n\n\n\n<p><em><strong>Onsdag<\/strong><\/em><\/p>\n\n\n\n<p><em>Skrubba med saffran och skaldjurss\u00e5s, gr\u00f6nsaker och aioli<\/em><\/p>\n\n\n\n<p><em>**<\/em><\/p>\n\n\n\n<p><em>Kycklingbiffar med champinjons\u00e5s\noch stekt karr\u00e9potatis<\/em><\/p>\n\n\n\n<p><em>**<\/em><\/p>\n\n\n\n<p><em>Nudelgryta med koriander<\/em><\/p>\n\n\n\n<p><em>Blomk\u00e5lssoppa <\/em><\/p>\n\n\n\n<p><em><strong>Torsdag<\/strong><\/em><\/p>\n\n\n\n<p><em>Alaska pollock med gr\u00f6n\ncurrys\u00e5s och basmatiris<\/em><\/p>\n\n\n\n<p><em>**<\/em><\/p>\n\n\n\n<p><em>Pasta med\nvitl\u00f6k,soltorkad tomat och salsicciaf\u00e4rs<\/em><\/p>\n\n\n\n<p><em>**<\/em><\/p>\n\n\n\n<p><em>S\u00f6tsur gryta med gr\u00f6nsaker<\/em><\/p>\n\n\n\n<p><em>Champinjonsoppa <\/em><\/p>\n\n\n\n<p><em><strong>Fredag<\/strong><\/em><\/p>\n\n\n\n<p><em>Fiskgryta med tomat\noch chili samt f\u00e4rskostkr\u00e4m<\/em><\/p>\n\n\n\n<p><em>**<\/em><\/p>\n\n\n\n<p><em>Kalvf\u00e4rslimpa med 4 kryddor, gr\u00f6na \u00e4rtor, skys\u00e5s och r\u00e5r\u00f6rda lingon<\/em><\/p>\n\n\n\n<p><em>**<\/em><\/p>\n\n\n\n<p><em>Gryta med svartr\u00f6tter och rosmarin<\/em><\/p>\n\n\n\n<p><em>Potatissoppa med rostad vitl\u00f6k<\/em><\/p>\n","protected":false},"excerpt":{"rendered":"<p>M\u00e5ndag Hoki med brynt sm\u00f6r, dill, citron och kokt potatis ** Helstekt fl\u00e4skkarr\u00e9 med senapss\u00e5s och rostad potatis ** Pulled [&hellip;]<\/p>\n","protected":false},"author":1,"featured_media":0,"comment_status":"closed","ping_status":"open","sticky":false,"template":"","format":"standard","meta":{"_monsterinsights_skip_tracking":false,"_monsterinsights_sitenote_active":false,"_monsterinsights_sitenote_note":"","_monsterinsights_sitenote_category":0,"footnotes":""},"categories":[4],"tags":[],"class_list":["post-1930","post","type-post","status-publish","format-standard","hentry","category-menyer"],"_links":{"self":[{"href":"https:\/\/kraftan.nu\/index.php?rest_route=\/wp\/v2\/posts\/1930","targetHints":{"allow":["GET"]}}],"collection":[{"href":"https:\/\/kraftan.nu\/index.php?rest_route=\/wp\/v2\/posts"}],"about":[{"href":"https:\/\/kraftan.nu\/index.php?rest_route=\/wp\/v2\/types\/post"}],"author":[{"embeddable":true,"href":"https:\/\/kraftan.nu\/index.php?rest_route=\/wp\/v2\/users\/1"}],"replies":[{"embeddable":true,"href":"https:\/\/kraftan.nu\/index.php?rest_route=%2Fwp%2Fv2%2Fcomments&post=1930"}],"version-history":[{"count":1,"href":"https:\/\/kraftan.nu\/index.php?rest_route=\/wp\/v2\/posts\/1930\/revisions"}],"predecessor-version":[{"id":1931,"href":"https:\/\/kraftan.nu\/index.php?rest_route=\/wp\/v2\/posts\/1930\/revisions\/1931"}],"wp:attachment":[{"href":"https:\/\/kraftan.nu\/index.php?rest_route=%2Fwp%2Fv2%2Fmedia&parent=1930"}],"wp:term":[{"taxonomy":"category","embeddable":true,"href":"https:\/\/kraftan.nu\/index.php?rest_route=%2Fwp%2Fv2%2Fcategories&post=1930"},{"taxonomy":"post_tag","embeddable":true,"href":"https:\/\/kraftan.nu\/index.php?rest_route=%2Fwp%2Fv2%2Ftags&post=1930"}],"curies":[{"name":"wp","href":"https:\/\/api.w.org\/{rel}","templated":true}]}}