{"id":1927,"date":"2020-02-23T20:49:59","date_gmt":"2020-02-23T20:49:59","guid":{"rendered":"https:\/\/kraftan.nu\/?p=1927"},"modified":"2020-02-23T20:50:03","modified_gmt":"2020-02-23T20:50:03","slug":"%ef%bb%bflunchmeny-v-9-2","status":"publish","type":"post","link":"https:\/\/kraftan.nu\/?p=1927","title":{"rendered":"\ufeffLunchmeny V.9"},"content":{"rendered":"\n<p><br><\/p>\n\n\n\n<p><em><strong>M\u00e5ndag<\/strong><\/em><\/p>\n\n\n\n<p><em>Sej med provencalsk\nsenapss\u00e5s och potatisstomp<\/em><\/p>\n\n\n\n<p><em>**<\/em><\/p>\n\n\n\n<p><em>Mangoglaserad rapsgris\nmed chilisky och ingef\u00e4rsris<\/em><\/p>\n\n\n\n<p><em>**<\/em><\/p>\n\n\n\n<p><em>Svampsoppa <\/em><\/p>\n\n\n\n<p><em>Vegansk gulaschgryta<\/em><\/p>\n\n\n\n<p><em><strong>Tisdag<\/strong><\/em><\/p>\n\n\n\n<p><em>Marinerad uer med r\u00f6d\ncurrys\u00e5s och basmatiris<\/em><\/p>\n\n\n\n<p><em>**<\/em><\/p>\n\n\n\n<p><em>Kr\u00e4mig kycklinggryta med\ndragon och potatismos<\/em><\/p>\n\n\n\n<p><em>**<\/em><\/p>\n\n\n\n<p><em>Gr\u00f6nk\u00e5lssoppa<\/em><\/p>\n\n\n\n<p><em>Thaigryta (vegan) <\/em><\/p>\n\n\n\n<p><em><strong>Onsdag<\/strong><\/em><\/p>\n\n\n\n<p><em>Torskrygg med dill\n&amp; pepparrotss\u00e5s, kokt plugg<\/em><\/p>\n\n\n\n<p><em>**<\/em><\/p>\n\n\n\n<p><em>Blandf\u00e4rsbiffar med\nfetaost och rosmarinsrostad potatis<\/em><\/p>\n\n\n\n<p><em>**<\/em><\/p>\n\n\n\n<p><em>Potatis &amp; purjol\u00f6kssoppa (vegan)<\/em><\/p>\n\n\n\n<p><em>Kik\u00e4rtsgryta med stj\u00e4rnanis<\/em><\/p>\n\n\n\n<p><em><strong>Torsdag<\/strong><\/em><\/p>\n\n\n\n<p><em>Panerad stillahavsflundra\nmed het majonn\u00e4ss\u00e5s <\/em><\/p>\n\n\n\n<p><em>**<\/em><\/p>\n\n\n\n<p><em>Ost &amp; paprikafylld\nbratwurst med skys\u00e5s och surk\u00e5l<\/em><\/p>\n\n\n\n<p><em>**<\/em><\/p>\n\n\n\n<p><em>Tomatsoppa med risoni<\/em><\/p>\n\n\n\n<p><em>Soyaf\u00e4rsgryta <\/em><\/p>\n\n\n\n<p><em><strong>Fredag<\/strong><\/em><\/p>\n\n\n\n<p><em>Fiskgrat\u00e4ng med vitl\u00f6k, gr\u00f6nk\u00e5l och parmesan<\/em><\/p>\n\n\n\n<p><em>**<\/em><\/p>\n\n\n\n<p><em>Strimlad fransyska med\ngr\u00f6npeppars\u00e5s och champinjoner<\/em><\/p>\n\n\n\n<p><em>**<\/em><\/p>\n\n\n\n<p><em>L\u00f6ksoppa med timjan<\/em><\/p>\n\n\n\n<p><em>K\u00e5lgryta med gr\u00f6na linser<\/em><\/p>\n","protected":false},"excerpt":{"rendered":"<p>M\u00e5ndag Sej med provencalsk senapss\u00e5s och potatisstomp ** Mangoglaserad rapsgris med chilisky och ingef\u00e4rsris ** Svampsoppa Vegansk gulaschgryta Tisdag Marinerad [&hellip;]<\/p>\n","protected":false},"author":1,"featured_media":0,"comment_status":"closed","ping_status":"open","sticky":false,"template":"","format":"standard","meta":{"_monsterinsights_skip_tracking":false,"_monsterinsights_sitenote_active":false,"_monsterinsights_sitenote_note":"","_monsterinsights_sitenote_category":0,"footnotes":""},"categories":[4],"tags":[],"class_list":["post-1927","post","type-post","status-publish","format-standard","hentry","category-menyer"],"_links":{"self":[{"href":"https:\/\/kraftan.nu\/index.php?rest_route=\/wp\/v2\/posts\/1927","targetHints":{"allow":["GET"]}}],"collection":[{"href":"https:\/\/kraftan.nu\/index.php?rest_route=\/wp\/v2\/posts"}],"about":[{"href":"https:\/\/kraftan.nu\/index.php?rest_route=\/wp\/v2\/types\/post"}],"author":[{"embeddable":true,"href":"https:\/\/kraftan.nu\/index.php?rest_route=\/wp\/v2\/users\/1"}],"replies":[{"embeddable":true,"href":"https:\/\/kraftan.nu\/index.php?rest_route=%2Fwp%2Fv2%2Fcomments&post=1927"}],"version-history":[{"count":1,"href":"https:\/\/kraftan.nu\/index.php?rest_route=\/wp\/v2\/posts\/1927\/revisions"}],"predecessor-version":[{"id":1928,"href":"https:\/\/kraftan.nu\/index.php?rest_route=\/wp\/v2\/posts\/1927\/revisions\/1928"}],"wp:attachment":[{"href":"https:\/\/kraftan.nu\/index.php?rest_route=%2Fwp%2Fv2%2Fmedia&parent=1927"}],"wp:term":[{"taxonomy":"category","embeddable":true,"href":"https:\/\/kraftan.nu\/index.php?rest_route=%2Fwp%2Fv2%2Fcategories&post=1927"},{"taxonomy":"post_tag","embeddable":true,"href":"https:\/\/kraftan.nu\/index.php?rest_route=%2Fwp%2Fv2%2Ftags&post=1927"}],"curies":[{"name":"wp","href":"https:\/\/api.w.org\/{rel}","templated":true}]}}