{"id":1921,"date":"2020-02-09T20:51:47","date_gmt":"2020-02-09T20:51:47","guid":{"rendered":"https:\/\/kraftan.nu\/?p=1921"},"modified":"2020-02-09T20:51:50","modified_gmt":"2020-02-09T20:51:50","slug":"%ef%bb%bflunchmeny-v-7","status":"publish","type":"post","link":"https:\/\/kraftan.nu\/?p=1921","title":{"rendered":"\ufeffLunchmeny V.7"},"content":{"rendered":"\n<p><br><\/p>\n\n\n\n<p><em><strong>M\u00e5ndag<\/strong><\/em><\/p>\n\n\n\n<p><em>Kapkummel med tomats\u00e5s,\nsm\u00e5l\u00f6k och oliver<\/em><\/p>\n\n\n\n<p><em>**<\/em><\/p>\n\n\n\n<p><em>Kycklingbr\u00f6st med\nbasilikas\u00e5s och marinerade tomater<\/em><\/p>\n\n\n\n<p><em>**<\/em><\/p>\n\n\n\n<p><em>Rotsakssoppa (lakto)<\/em><\/p>\n\n\n\n<p><em>Gryta med pulled veg och broccoli\n(vegan)<\/em><\/p>\n\n\n\n<p><em><strong>Tisdag<\/strong><\/em><\/p>\n\n\n\n<p><em>Hoki med bl\u00e5m\u00f6gelost\noch f\u00e4rska \u00f6rter<\/em><\/p>\n\n\n\n<p><em>**<\/em><\/p>\n\n\n\n<p><em>Helstekt karr\u00e9 av g\u00e5rdsgris\nmed rosmarinsky och fetaost<\/em><\/p>\n\n\n\n<p><em>**<\/em><\/p>\n\n\n\n<p><em>Tomatsoppa med basilika och mor\u00f6tter\n(vegan)<\/em><\/p>\n\n\n\n<p><em>Blomk\u00e5lsgryta med linser och paprika\n(vegan)<\/em><\/p>\n\n\n\n<p><em><strong>Onsdag<\/strong><\/em><\/p>\n\n\n\n<p><em>Uer med r\u00f6d currys\u00e5s\noch chiliwokade gr\u00f6nsaker<\/em><\/p>\n\n\n\n<p><em>**<\/em><\/p>\n\n\n\n<p><em>Lammf\u00e4rsbiffar med\nspiskummin,vitl\u00f6k och tzatziki<\/em><\/p>\n\n\n\n<p><em>**<\/em><\/p>\n\n\n\n<p><em>Champinjonsoppa med persilja (lakto)<\/em><\/p>\n\n\n\n<p><em>Tofugryta med citron, kummin och f\u00e4nk\u00e5l (vegan)<\/em><\/p>\n\n\n\n<p><em><strong>Torsdag<\/strong><\/em><\/p>\n\n\n\n<p><em>Sejfil\u00e9 med citruss\u00e5s\noch sm\u00f6rfr\u00e4sta socker\u00e4rtor<\/em><\/p>\n\n\n\n<p><em>**<\/em><\/p>\n\n\n\n<p><em>Br\u00e4sserad kalv med\nstekt potatis och rotsaksgrat\u00e4ng<\/em><\/p>\n\n\n\n<p><em>**<\/em><\/p>\n\n\n\n<p><em>R\u00f6dbetssoppa med r\u00f6kt tofu och vitl\u00f6k\n(vegan)<\/em><\/p>\n\n\n\n<p><em>Kokosgryta med indisk curry och b\u00f6nor<\/em><\/p>\n\n\n\n<p><em><strong>Fredag<\/strong><\/em><\/p>\n\n\n\n<p><em>Pankopanerad Alaska\npollock med gurkmajonn\u00e4s &nbsp;<\/em><\/p>\n\n\n\n<p><em>**<\/em><\/p>\n\n\n\n<p><em>Tacogryta med strimlad\nfransyska,nachos och riven ost<\/em><\/p>\n\n\n\n<p><em>**<\/em><\/p>\n\n\n\n<p><em>Blomk\u00e5lssoppa med\nspenat<\/em><\/p>\n\n\n\n<p><em>&nbsp;&nbsp;Veganchili\nmed tillbeh\u00f6r<\/em><\/p>\n","protected":false},"excerpt":{"rendered":"<p>M\u00e5ndag Kapkummel med tomats\u00e5s, sm\u00e5l\u00f6k och oliver ** Kycklingbr\u00f6st med basilikas\u00e5s och marinerade tomater ** Rotsakssoppa (lakto) Gryta med pulled [&hellip;]<\/p>\n","protected":false},"author":1,"featured_media":0,"comment_status":"closed","ping_status":"open","sticky":false,"template":"","format":"standard","meta":{"_monsterinsights_skip_tracking":false,"_monsterinsights_sitenote_active":false,"_monsterinsights_sitenote_note":"","_monsterinsights_sitenote_category":0,"footnotes":""},"categories":[4],"tags":[],"class_list":["post-1921","post","type-post","status-publish","format-standard","hentry","category-menyer"],"_links":{"self":[{"href":"https:\/\/kraftan.nu\/index.php?rest_route=\/wp\/v2\/posts\/1921","targetHints":{"allow":["GET"]}}],"collection":[{"href":"https:\/\/kraftan.nu\/index.php?rest_route=\/wp\/v2\/posts"}],"about":[{"href":"https:\/\/kraftan.nu\/index.php?rest_route=\/wp\/v2\/types\/post"}],"author":[{"embeddable":true,"href":"https:\/\/kraftan.nu\/index.php?rest_route=\/wp\/v2\/users\/1"}],"replies":[{"embeddable":true,"href":"https:\/\/kraftan.nu\/index.php?rest_route=%2Fwp%2Fv2%2Fcomments&post=1921"}],"version-history":[{"count":1,"href":"https:\/\/kraftan.nu\/index.php?rest_route=\/wp\/v2\/posts\/1921\/revisions"}],"predecessor-version":[{"id":1922,"href":"https:\/\/kraftan.nu\/index.php?rest_route=\/wp\/v2\/posts\/1921\/revisions\/1922"}],"wp:attachment":[{"href":"https:\/\/kraftan.nu\/index.php?rest_route=%2Fwp%2Fv2%2Fmedia&parent=1921"}],"wp:term":[{"taxonomy":"category","embeddable":true,"href":"https:\/\/kraftan.nu\/index.php?rest_route=%2Fwp%2Fv2%2Fcategories&post=1921"},{"taxonomy":"post_tag","embeddable":true,"href":"https:\/\/kraftan.nu\/index.php?rest_route=%2Fwp%2Fv2%2Ftags&post=1921"}],"curies":[{"name":"wp","href":"https:\/\/api.w.org\/{rel}","templated":true}]}}