{"id":1915,"date":"2020-01-26T20:49:49","date_gmt":"2020-01-26T20:49:49","guid":{"rendered":"https:\/\/kraftan.nu\/?p=1915"},"modified":"2020-01-26T20:49:52","modified_gmt":"2020-01-26T20:49:52","slug":"lunchmeny-v-5-6","status":"publish","type":"post","link":"https:\/\/kraftan.nu\/?p=1915","title":{"rendered":"Lunchmeny V.5"},"content":{"rendered":"\n<p><\/p>\n\n\n\n<p><em><strong>M\u00e5ndag<\/strong><\/em><\/p>\n\n\n\n<p><em>Kabanoss med skys\u00e5s, marinerade\ntomater samt rostplugg<\/em><\/p>\n\n\n\n<p><em>**<\/em><\/p>\n\n\n\n<p><em>Alaska pollock med vitl\u00f6kss\u00e5s,\ngr\u00f6nk\u00e5l och currymos<\/em><\/p>\n\n\n\n<p><em><strong>Tisdag<\/strong><\/em><\/p>\n\n\n\n<p><em>Kap kummel med sm\u00f6rfr\u00e4sta\nchampinjoner och gr\u00f6n zucchini <\/em><\/p>\n\n\n\n<p><em>**<\/em><\/p>\n\n\n\n<p><em>Kycklingl\u00e5rfil\u00e9 med\nindisk currys\u00e5s, b\u00f6nor och basmatiris<\/em><\/p>\n\n\n\n<p><em><strong>Onsdag<\/strong><\/em><\/p>\n\n\n\n<p><em>Skrubba med s\u00f6t-syrlig\ndills\u00e5s och potatisstomp <\/em><\/p>\n\n\n\n<p><em>**<\/em><\/p>\n\n\n\n<p><em>N\u00f6tf\u00e4rsbiffar med sauterad\nl\u00f6k, skys\u00e5s och stekplugg<\/em><\/p>\n\n\n\n<p><em><strong>Torsdag<\/strong><\/em><\/p>\n\n\n\n<p><em>Rullad stilla havssp\u00e4tta\nmed brynt sm\u00f6r, kapris och r\u00f6dbetor<\/em><\/p>\n\n\n\n<p><em>**<\/em><\/p>\n\n\n\n<p><em>Kalvgryta med vitt\nvin, rostade gr\u00f6nsaker, vitl\u00f6k och hariquvert<\/em><\/p>\n\n\n\n<p><em><strong>Fredag<\/strong><\/em><\/p>\n\n\n\n<p><em>Fiskargryta med\ngr\u00e4dde, f\u00e4rska \u00f6rter och t\u00e4rnade rotsaker<\/em><\/p>\n\n\n\n<p><em>**<\/em><\/p>\n\n\n\n<p><em>Grillmarinerad flankstek\nmed klyftpotatis, tomatsalsa &amp; bbq-sky<\/em><\/p>\n\n\n\n<p><em> <\/em><\/p>\n\n\n\n<p><em>Vi serverar dagligen en vegetarisk soppa samt en vegetarisk gryta och i den m\u00e5n vi kan anv\u00e4nder vi ekologiska samt n\u00e4rproducerade r\u00e5varor till all matlagning <\/em><\/p>\n","protected":false},"excerpt":{"rendered":"<p>M\u00e5ndag Kabanoss med skys\u00e5s, marinerade tomater samt rostplugg ** Alaska pollock med vitl\u00f6kss\u00e5s, gr\u00f6nk\u00e5l och currymos Tisdag Kap kummel med [&hellip;]<\/p>\n","protected":false},"author":1,"featured_media":0,"comment_status":"closed","ping_status":"open","sticky":false,"template":"","format":"standard","meta":{"_monsterinsights_skip_tracking":false,"_monsterinsights_sitenote_active":false,"_monsterinsights_sitenote_note":"","_monsterinsights_sitenote_category":0,"footnotes":""},"categories":[4],"tags":[],"class_list":["post-1915","post","type-post","status-publish","format-standard","hentry","category-menyer"],"_links":{"self":[{"href":"https:\/\/kraftan.nu\/index.php?rest_route=\/wp\/v2\/posts\/1915","targetHints":{"allow":["GET"]}}],"collection":[{"href":"https:\/\/kraftan.nu\/index.php?rest_route=\/wp\/v2\/posts"}],"about":[{"href":"https:\/\/kraftan.nu\/index.php?rest_route=\/wp\/v2\/types\/post"}],"author":[{"embeddable":true,"href":"https:\/\/kraftan.nu\/index.php?rest_route=\/wp\/v2\/users\/1"}],"replies":[{"embeddable":true,"href":"https:\/\/kraftan.nu\/index.php?rest_route=%2Fwp%2Fv2%2Fcomments&post=1915"}],"version-history":[{"count":1,"href":"https:\/\/kraftan.nu\/index.php?rest_route=\/wp\/v2\/posts\/1915\/revisions"}],"predecessor-version":[{"id":1916,"href":"https:\/\/kraftan.nu\/index.php?rest_route=\/wp\/v2\/posts\/1915\/revisions\/1916"}],"wp:attachment":[{"href":"https:\/\/kraftan.nu\/index.php?rest_route=%2Fwp%2Fv2%2Fmedia&parent=1915"}],"wp:term":[{"taxonomy":"category","embeddable":true,"href":"https:\/\/kraftan.nu\/index.php?rest_route=%2Fwp%2Fv2%2Fcategories&post=1915"},{"taxonomy":"post_tag","embeddable":true,"href":"https:\/\/kraftan.nu\/index.php?rest_route=%2Fwp%2Fv2%2Ftags&post=1915"}],"curies":[{"name":"wp","href":"https:\/\/api.w.org\/{rel}","templated":true}]}}