{"id":1910,"date":"2020-01-12T21:38:58","date_gmt":"2020-01-12T21:38:58","guid":{"rendered":"https:\/\/kraftan.nu\/?p=1910"},"modified":"2020-01-12T21:39:01","modified_gmt":"2020-01-12T21:39:01","slug":"%ef%bb%bflunchmeny-v-3","status":"publish","type":"post","link":"https:\/\/kraftan.nu\/?p=1910","title":{"rendered":"\ufeffLunchmeny V.3"},"content":{"rendered":"\n<p><br><\/p>\n\n\n\n<p><em>M\u00e5ndag<\/em><\/p>\n\n\n\n<p><em>Alaska pollock &amp; Alaska\nkummel med kr\u00e4mig dill &amp; skaldjurs\u00e5s<\/em><\/p>\n\n\n\n<p><em>**<\/em><\/p>\n\n\n\n<p><em>Chorizo, lammkorv &amp; prinskorv med \u00e4ggr\u00f6ra och stekt potatis <\/em><\/p>\n\n\n\n<p><em>Tisdag<\/em><\/p>\n\n\n\n<p><em>Dubbelpanerad kolja\nmed curryremoulad och dillpotatismos<\/em><\/p>\n\n\n\n<p><em>**<\/em><\/p>\n\n\n\n<p><em>Kycklingl\u00e5rfil\u00e9 med\nhyvlad morot och palsternacka i dragons\u00e5s<\/em><\/p>\n\n\n\n<p><em>Onsdag<\/em><\/p>\n\n\n\n<p><em>Torsksvansgryta med saffran, vitl\u00f6k och fint\u00e4rnade rotsaker<\/em><\/p>\n\n\n\n<p><em>**<\/em><\/p>\n\n\n\n<p><em>Pulled pork med barbeques\u00e5s, picklad r\u00f6dl\u00f6k och guacamole<\/em><\/p>\n\n\n\n<p><em>Torsdag<\/em><em><\/em><\/p>\n\n\n\n<p><em>Hoki med brynt sm\u00f6r, ishavssallad, potatisstomp och citronbit<\/em><\/p>\n\n\n\n<p><em>**<\/em><\/p>\n\n\n\n<p><em>Rosastekt kalv med ljummen\ndijonnaisepotatis och kapris<\/em><\/p>\n\n\n\n<p><em>Fredag<\/em><\/p>\n\n\n\n<p><em>Fisk och skaldjur i\ngr\u00f6ncurrys\u00e5s med gr\u00f6nsaker och basmatiris <\/em><\/p>\n\n\n\n<p><em>**<\/em><\/p>\n\n\n\n<p><em>Flankstek med\nr\u00f6dvinssky och chilirostade rotfruktsstavar<\/em><\/p>\n\n\n\n<p><em> <\/em><em>Vi serverar dagligen en vegetarisk soppa samt en vegetarisk gryta och i den m\u00e5n vi kan anv\u00e4nder vi ekologiska samt n\u00e4rproducerade r\u00e5varor till all matlagning <\/em><\/p>\n","protected":false},"excerpt":{"rendered":"<p>M\u00e5ndag Alaska pollock &amp; Alaska kummel med kr\u00e4mig dill &amp; skaldjurs\u00e5s ** Chorizo, lammkorv &amp; prinskorv med \u00e4ggr\u00f6ra och stekt [&hellip;]<\/p>\n","protected":false},"author":1,"featured_media":0,"comment_status":"closed","ping_status":"open","sticky":false,"template":"","format":"standard","meta":{"_monsterinsights_skip_tracking":false,"_monsterinsights_sitenote_active":false,"_monsterinsights_sitenote_note":"","_monsterinsights_sitenote_category":0,"footnotes":""},"categories":[4],"tags":[],"class_list":["post-1910","post","type-post","status-publish","format-standard","hentry","category-menyer"],"_links":{"self":[{"href":"https:\/\/kraftan.nu\/index.php?rest_route=\/wp\/v2\/posts\/1910","targetHints":{"allow":["GET"]}}],"collection":[{"href":"https:\/\/kraftan.nu\/index.php?rest_route=\/wp\/v2\/posts"}],"about":[{"href":"https:\/\/kraftan.nu\/index.php?rest_route=\/wp\/v2\/types\/post"}],"author":[{"embeddable":true,"href":"https:\/\/kraftan.nu\/index.php?rest_route=\/wp\/v2\/users\/1"}],"replies":[{"embeddable":true,"href":"https:\/\/kraftan.nu\/index.php?rest_route=%2Fwp%2Fv2%2Fcomments&post=1910"}],"version-history":[{"count":1,"href":"https:\/\/kraftan.nu\/index.php?rest_route=\/wp\/v2\/posts\/1910\/revisions"}],"predecessor-version":[{"id":1911,"href":"https:\/\/kraftan.nu\/index.php?rest_route=\/wp\/v2\/posts\/1910\/revisions\/1911"}],"wp:attachment":[{"href":"https:\/\/kraftan.nu\/index.php?rest_route=%2Fwp%2Fv2%2Fmedia&parent=1910"}],"wp:term":[{"taxonomy":"category","embeddable":true,"href":"https:\/\/kraftan.nu\/index.php?rest_route=%2Fwp%2Fv2%2Fcategories&post=1910"},{"taxonomy":"post_tag","embeddable":true,"href":"https:\/\/kraftan.nu\/index.php?rest_route=%2Fwp%2Fv2%2Ftags&post=1910"}],"curies":[{"name":"wp","href":"https:\/\/api.w.org\/{rel}","templated":true}]}}