{"id":1896,"date":"2019-12-01T20:42:17","date_gmt":"2019-12-01T20:42:17","guid":{"rendered":"https:\/\/kraftan.nu\/?p=1896"},"modified":"2019-12-01T20:42:20","modified_gmt":"2019-12-01T20:42:20","slug":"%ef%bb%bflunchmeny-v-49","status":"publish","type":"post","link":"https:\/\/kraftan.nu\/?p=1896","title":{"rendered":"\ufeffLunchmeny V.49"},"content":{"rendered":"\n<p><br><\/p>\n\n\n\n<p><em>M\u00e5ndag<\/em><\/p>\n\n\n\n<p><em>Pocherad kolja med kantarells\u00e5s\noch kokt potatis med dillolja<\/em><\/p>\n\n\n\n<p><em>**<\/em><\/p>\n\n\n\n<p><em>Sm\u00e5l\u00e4ndska isterband med\npotatismos, r\u00f6dbetor och senap<\/em><\/p>\n\n\n\n<p><em>Tisdag<\/em><\/p>\n\n\n\n<p><em>Sydlig vitling med\ngr\u00f6n currys\u00e5s, wokgr\u00f6nt och basmatiris<\/em><\/p>\n\n\n\n<p><em>**<\/em><\/p>\n\n\n\n<p><em>\u00d6rt &amp; vitl\u00f6ksmarinerad\nklubbfil\u00e9 med honungsrostade rotsaker<\/em><\/p>\n\n\n\n<p><em>Onsdag<\/em><\/p>\n\n\n\n<p><em>Ugnsbakad sej med provencalsk\ntomats\u00e5s och stekt kulplugg<\/em><\/p>\n\n\n\n<p><em>**<\/em><\/p>\n\n\n\n<p><em>Stekt rimmat fl\u00e4sk med\nkr\u00e4mig l\u00f6ks\u00e5s, kokt potatis och lingon<\/em><\/p>\n\n\n\n<p><em>Torsdag<\/em><em><\/em><\/p>\n\n\n\n<p><em>Alaska kummel med garam-masala\noch myntayoghurts\u00e5s<\/em><\/p>\n\n\n\n<p><em>**<\/em><\/p>\n\n\n\n<p><em>Kryddpepparkokta oxkinder med mor\u00f6tter, bacon och saltgurka<\/em><\/p>\n\n\n\n<p><em>Fredag<\/em><\/p>\n\n\n\n<p><em>Fiskgryta med vitl\u00f6k,\ngr\u00f6nsaker, tomat, dillfr\u00f6n och vitt vin<\/em><\/p>\n\n\n\n<p><em>** <\/em><\/p>\n\n\n\n<p><em>Helstekt g\u00e5rdsgris med\ndragons\u00e5s och vitl\u00f6ksrostad potatis <\/em><\/p>\n\n\n\n<p><em> <\/em><\/p>\n\n\n\n<p><em>Vi serverar dagligen en vegetarisk soppa samt en vegetarisk gryta och i den m\u00e5n vi kan anv\u00e4nder vi ekologiska samt n\u00e4rproducerade r\u00e5varor till all matlagning <\/em><\/p>\n","protected":false},"excerpt":{"rendered":"<p>M\u00e5ndag Pocherad kolja med kantarells\u00e5s och kokt potatis med dillolja ** Sm\u00e5l\u00e4ndska isterband med potatismos, r\u00f6dbetor och senap Tisdag Sydlig [&hellip;]<\/p>\n","protected":false},"author":1,"featured_media":0,"comment_status":"closed","ping_status":"open","sticky":false,"template":"","format":"standard","meta":{"_monsterinsights_skip_tracking":false,"_monsterinsights_sitenote_active":false,"_monsterinsights_sitenote_note":"","_monsterinsights_sitenote_category":0,"footnotes":""},"categories":[4],"tags":[],"class_list":["post-1896","post","type-post","status-publish","format-standard","hentry","category-menyer"],"_links":{"self":[{"href":"https:\/\/kraftan.nu\/index.php?rest_route=\/wp\/v2\/posts\/1896","targetHints":{"allow":["GET"]}}],"collection":[{"href":"https:\/\/kraftan.nu\/index.php?rest_route=\/wp\/v2\/posts"}],"about":[{"href":"https:\/\/kraftan.nu\/index.php?rest_route=\/wp\/v2\/types\/post"}],"author":[{"embeddable":true,"href":"https:\/\/kraftan.nu\/index.php?rest_route=\/wp\/v2\/users\/1"}],"replies":[{"embeddable":true,"href":"https:\/\/kraftan.nu\/index.php?rest_route=%2Fwp%2Fv2%2Fcomments&post=1896"}],"version-history":[{"count":1,"href":"https:\/\/kraftan.nu\/index.php?rest_route=\/wp\/v2\/posts\/1896\/revisions"}],"predecessor-version":[{"id":1897,"href":"https:\/\/kraftan.nu\/index.php?rest_route=\/wp\/v2\/posts\/1896\/revisions\/1897"}],"wp:attachment":[{"href":"https:\/\/kraftan.nu\/index.php?rest_route=%2Fwp%2Fv2%2Fmedia&parent=1896"}],"wp:term":[{"taxonomy":"category","embeddable":true,"href":"https:\/\/kraftan.nu\/index.php?rest_route=%2Fwp%2Fv2%2Fcategories&post=1896"},{"taxonomy":"post_tag","embeddable":true,"href":"https:\/\/kraftan.nu\/index.php?rest_route=%2Fwp%2Fv2%2Ftags&post=1896"}],"curies":[{"name":"wp","href":"https:\/\/api.w.org\/{rel}","templated":true}]}}