{"id":1874,"date":"2019-10-20T22:03:23","date_gmt":"2019-10-20T22:03:23","guid":{"rendered":"https:\/\/kraftan.nu\/?p=1874"},"modified":"2019-10-20T22:03:27","modified_gmt":"2019-10-20T22:03:27","slug":"lunchmeny-v-43%ef%bb%bf","status":"publish","type":"post","link":"https:\/\/kraftan.nu\/?p=1874","title":{"rendered":"Lunchmeny V.43\ufeff"},"content":{"rendered":"\n<p><br><\/p>\n\n\n\n<p><em>M\u00e5ndag<\/em><\/p>\n\n\n\n<p><em>Hoki med tomat &amp; gr\u00f6nsakss\u00e5s\nsamt rostad potatis <\/em><\/p>\n\n\n\n<p><em>***<\/em><\/p>\n\n\n\n<p><em>Frukostkorv med spenats\u00e5s, potatismos och senap<\/em><\/p>\n\n\n\n<p><em>Tisdag<\/em><\/p>\n\n\n\n<p><em>Sej med tomat och\ndills\u00e5s och kokplugg p\u00e5 norrl\u00e4ndskt vis<\/em><\/p>\n\n\n\n<p><em>**<\/em><\/p>\n\n\n\n<p><em>Bbq-marinerad kycklingl\u00e5rfil\u00e9\nmed vitl\u00f6kss\u00e5s och avocador\u00f6ra<\/em><\/p>\n\n\n\n<p><em>Onsdag<\/em><\/p>\n\n\n\n<p><em>Alaska Pollock med lins\noch kokoss\u00e5s, fr\u00e4sta gr\u00f6nsaker<\/em><\/p>\n\n\n\n<p><em>**<\/em><\/p>\n\n\n\n<p><em>Helstekt g\u00e5rdsgris med\npotatisgrat\u00e4ng och r\u00f6dvinssky<\/em><\/p>\n\n\n\n<p><em>Torsdag<\/em><em><\/em><\/p>\n\n\n\n<p><em>Panerad havskatt med ishavssallad, citronbit och kokt plugg<\/em><\/p>\n\n\n\n<p><em>**<\/em><\/p>\n\n\n\n<p><em>Kycklingbiffar med gr\u00f6ncurry, salladsl\u00f6k, \u00e4rtor och dipps\u00e5s<\/em><\/p>\n\n\n\n<p><em>Fredag<\/em><\/p>\n\n\n\n<p><em>Fiskgryta med vitl\u00f6k,gr\u00f6nsaker,stj\u00e4rnanis\noch tomat<\/em><\/p>\n\n\n\n<p><em>**<\/em><\/p>\n\n\n\n<p><em>Biff Lindstr\u00f6m med t\u00e4rnad plugg, skys\u00e5s och persiljesm\u00f6r<\/em><\/p>\n\n\n\n<p><em> <\/em><\/p>\n\n\n\n<p><em>Vi serverar dagligen en vegetarisk soppa samt en vegetarisk gryta och i den m\u00e5n vi kan anv\u00e4nder vi ekologiska samt n\u00e4rproducerade r\u00e5varor till all matlagning <\/em><\/p>\n","protected":false},"excerpt":{"rendered":"<p>M\u00e5ndag Hoki med tomat &amp; gr\u00f6nsakss\u00e5s samt rostad potatis *** Frukostkorv med spenats\u00e5s, potatismos och senap Tisdag Sej med tomat [&hellip;]<\/p>\n","protected":false},"author":1,"featured_media":0,"comment_status":"closed","ping_status":"open","sticky":false,"template":"","format":"standard","meta":{"_monsterinsights_skip_tracking":false,"_monsterinsights_sitenote_active":false,"_monsterinsights_sitenote_note":"","_monsterinsights_sitenote_category":0,"footnotes":""},"categories":[4],"tags":[],"class_list":["post-1874","post","type-post","status-publish","format-standard","hentry","category-menyer"],"_links":{"self":[{"href":"https:\/\/kraftan.nu\/index.php?rest_route=\/wp\/v2\/posts\/1874","targetHints":{"allow":["GET"]}}],"collection":[{"href":"https:\/\/kraftan.nu\/index.php?rest_route=\/wp\/v2\/posts"}],"about":[{"href":"https:\/\/kraftan.nu\/index.php?rest_route=\/wp\/v2\/types\/post"}],"author":[{"embeddable":true,"href":"https:\/\/kraftan.nu\/index.php?rest_route=\/wp\/v2\/users\/1"}],"replies":[{"embeddable":true,"href":"https:\/\/kraftan.nu\/index.php?rest_route=%2Fwp%2Fv2%2Fcomments&post=1874"}],"version-history":[{"count":1,"href":"https:\/\/kraftan.nu\/index.php?rest_route=\/wp\/v2\/posts\/1874\/revisions"}],"predecessor-version":[{"id":1875,"href":"https:\/\/kraftan.nu\/index.php?rest_route=\/wp\/v2\/posts\/1874\/revisions\/1875"}],"wp:attachment":[{"href":"https:\/\/kraftan.nu\/index.php?rest_route=%2Fwp%2Fv2%2Fmedia&parent=1874"}],"wp:term":[{"taxonomy":"category","embeddable":true,"href":"https:\/\/kraftan.nu\/index.php?rest_route=%2Fwp%2Fv2%2Fcategories&post=1874"},{"taxonomy":"post_tag","embeddable":true,"href":"https:\/\/kraftan.nu\/index.php?rest_route=%2Fwp%2Fv2%2Ftags&post=1874"}],"curies":[{"name":"wp","href":"https:\/\/api.w.org\/{rel}","templated":true}]}}