{"id":1871,"date":"2019-10-13T21:52:58","date_gmt":"2019-10-13T21:52:58","guid":{"rendered":"https:\/\/kraftan.nu\/?p=1871"},"modified":"2019-10-13T21:53:02","modified_gmt":"2019-10-13T21:53:02","slug":"%ef%bb%bflunchmeny-v-42","status":"publish","type":"post","link":"https:\/\/kraftan.nu\/?p=1871","title":{"rendered":"\ufeffLunchmeny V.42"},"content":{"rendered":"\n<p><br><\/p>\n\n\n\n<p><em>M\u00e5ndag<\/em><\/p>\n\n\n\n<p><em>Sej med kr\u00e4mig\nsvamps\u00e5s och vitl\u00f6ksmos med f\u00e4rska \u00f6rter<\/em><\/p>\n\n\n\n<p><em>**<\/em><\/p>\n\n\n\n<p><em>Karr\u00e9 av g\u00e5rdsgris med\nr\u00f6dvinssky och persiljestekt plugg<\/em><\/p>\n\n\n\n<p><em>Tisdag<\/em><\/p>\n\n\n\n<p><em>Ugnsbakad hokifil\u00e9 med\nindisk currys\u00e5s och gr\u00f6nsaksris <\/em><\/p>\n\n\n\n<p><em>**<\/em><\/p>\n\n\n\n<p><em>Kycklingbr\u00f6st med tomats\u00e5s, oliver och kapris samt pot\u00e4ter<\/em><\/p>\n\n\n\n<p><em>Onsdag<\/em><\/p>\n\n\n\n<p><em>Alaska pollock med\ns\u00f6tsur ingef\u00e4rs-chilis\u00e5s och basmatiris<\/em><\/p>\n\n\n\n<p><em>**<\/em><\/p>\n\n\n\n<p><em>Viltf\u00e4rsbiffar med gr\u00e4dds\u00e5s, svartvinb\u00e4rsgele och potatismos<\/em><\/p>\n\n\n\n<p><em>Torsdag<\/em><em><\/em><\/p>\n\n\n\n<p><em>Pankopanerad fisk med\nvitl\u00f6ksmajonn\u00e4s och pickles<\/em><\/p>\n\n\n\n<p><em>**<\/em><\/p>\n\n\n\n<p><em>Sk\u00e5nsk kalops med kokt\npotatis och r\u00f6dbetor<\/em><\/p>\n\n\n\n<p><em>Fredag<\/em><\/p>\n\n\n\n<p><em>Fiskgryta med tomat, bl\u00e5musslor,\u00f6rter och gr\u00f6nsaker<\/em><\/p>\n\n\n\n<p><em>**<\/em><\/p>\n\n\n\n<p><em>Helstekt tritip av\nros\u00e9kalv med dijonsenapss\u00e5s och sm\u00e5l\u00f6k<\/em><em> <\/em><\/p>\n\n\n\n<p><em>Vi serverar dagligen en vegetarisk soppa samt en vegetarisk gryta och i den m\u00e5n vi kan anv\u00e4nder vi ekologiska samt n\u00e4rproducerade r\u00e5varor till all matlagning <\/em><\/p>\n","protected":false},"excerpt":{"rendered":"<p>M\u00e5ndag Sej med kr\u00e4mig svamps\u00e5s och vitl\u00f6ksmos med f\u00e4rska \u00f6rter ** Karr\u00e9 av g\u00e5rdsgris med r\u00f6dvinssky och persiljestekt plugg Tisdag [&hellip;]<\/p>\n","protected":false},"author":1,"featured_media":0,"comment_status":"closed","ping_status":"open","sticky":false,"template":"","format":"standard","meta":{"_monsterinsights_skip_tracking":false,"_monsterinsights_sitenote_active":false,"_monsterinsights_sitenote_note":"","_monsterinsights_sitenote_category":0,"footnotes":""},"categories":[4],"tags":[],"class_list":["post-1871","post","type-post","status-publish","format-standard","hentry","category-menyer"],"_links":{"self":[{"href":"https:\/\/kraftan.nu\/index.php?rest_route=\/wp\/v2\/posts\/1871","targetHints":{"allow":["GET"]}}],"collection":[{"href":"https:\/\/kraftan.nu\/index.php?rest_route=\/wp\/v2\/posts"}],"about":[{"href":"https:\/\/kraftan.nu\/index.php?rest_route=\/wp\/v2\/types\/post"}],"author":[{"embeddable":true,"href":"https:\/\/kraftan.nu\/index.php?rest_route=\/wp\/v2\/users\/1"}],"replies":[{"embeddable":true,"href":"https:\/\/kraftan.nu\/index.php?rest_route=%2Fwp%2Fv2%2Fcomments&post=1871"}],"version-history":[{"count":1,"href":"https:\/\/kraftan.nu\/index.php?rest_route=\/wp\/v2\/posts\/1871\/revisions"}],"predecessor-version":[{"id":1872,"href":"https:\/\/kraftan.nu\/index.php?rest_route=\/wp\/v2\/posts\/1871\/revisions\/1872"}],"wp:attachment":[{"href":"https:\/\/kraftan.nu\/index.php?rest_route=%2Fwp%2Fv2%2Fmedia&parent=1871"}],"wp:term":[{"taxonomy":"category","embeddable":true,"href":"https:\/\/kraftan.nu\/index.php?rest_route=%2Fwp%2Fv2%2Fcategories&post=1871"},{"taxonomy":"post_tag","embeddable":true,"href":"https:\/\/kraftan.nu\/index.php?rest_route=%2Fwp%2Fv2%2Ftags&post=1871"}],"curies":[{"name":"wp","href":"https:\/\/api.w.org\/{rel}","templated":true}]}}