{"id":1861,"date":"2019-09-15T21:29:55","date_gmt":"2019-09-15T21:29:55","guid":{"rendered":"https:\/\/kraftan.nu\/?p=1861"},"modified":"2019-09-15T21:29:58","modified_gmt":"2019-09-15T21:29:58","slug":"%ef%bb%bflunchmeny-v-38","status":"publish","type":"post","link":"https:\/\/kraftan.nu\/?p=1861","title":{"rendered":"\ufeffLunchmeny V.38"},"content":{"rendered":"\n<p><br><\/p>\n\n\n\n<p><em><strong>M\u00e5ndag<\/strong><\/em><\/p>\n\n\n\n<p><em>Sejfil\u00e9 med gr\u00f6nsaker, vitl\u00f6kskr\u00e4m och potatis<\/em><\/p>\n\n\n\n<p><em>**<\/em><\/p>\n\n\n\n<p><em>Karr\u00e9 av g\u00e5rdsgris med\npotatismos och senapss\u00e5s<\/em><\/p>\n\n\n\n<p><em><strong>Tisdag<\/strong><\/em><\/p>\n\n\n\n<p><em>Kap Kummel med oliver, kapris och tomatsky<\/em><\/p>\n\n\n\n<p><em>**<\/em><\/p>\n\n\n\n<p><em>Kalvgryta med syrlig\ndills\u00e5s och rotsaker samt f\u00e4rska \u00f6rter<\/em><\/p>\n\n\n\n<p><em><strong>Onsdag<\/strong><\/em><\/p>\n\n\n\n<p><em>Hoki med fetaost, ruccola och rostade solrosfr\u00f6n<\/em><\/p>\n\n\n\n<p><em>**<\/em><\/p>\n\n\n\n<p><em>Vildsvinsbiffar med svamps\u00e5s, persiljepotatis &amp; \u00e4ppelmos<\/em><\/p>\n\n\n\n<p><em><strong>Torsdag<\/strong><\/em><\/p>\n\n\n\n<p><em>Fiskgryta med dragon, vitl\u00f6k och gr\u00f6nsaker<\/em><\/p>\n\n\n\n<p><em>**<\/em><\/p>\n\n\n\n<p><em>Kyckling med ingef\u00e4ra, bambuskott och broccoli<\/em><\/p>\n\n\n\n<p><em><strong>Fredag<\/strong><\/em><\/p>\n\n\n\n<p><em>Fiskf\u00e4rsj\u00e4rpar med hummers\u00e5s, citronbit och dill<\/em><\/p>\n\n\n\n<p><em>**<\/em><\/p>\n\n\n\n<p><em>Hjortskavsgryta med svamp, enb\u00e4r, lingon och potatismos<\/em><em> <\/em><\/p>\n\n\n\n<p><em>Vi serverar dagligen en vegetarisk soppa samt en vegetarisk gryta och i den m\u00e5n vi kan anv\u00e4nder vi ekologiska samt n\u00e4rproducerade r\u00e5varor till all matlagning <\/em><\/p>\n","protected":false},"excerpt":{"rendered":"<p>M\u00e5ndag Sejfil\u00e9 med gr\u00f6nsaker, vitl\u00f6kskr\u00e4m och potatis ** Karr\u00e9 av g\u00e5rdsgris med potatismos och senapss\u00e5s Tisdag Kap Kummel med oliver, [&hellip;]<\/p>\n","protected":false},"author":1,"featured_media":0,"comment_status":"closed","ping_status":"open","sticky":false,"template":"","format":"standard","meta":{"_monsterinsights_skip_tracking":false,"_monsterinsights_sitenote_active":false,"_monsterinsights_sitenote_note":"","_monsterinsights_sitenote_category":0,"footnotes":""},"categories":[4],"tags":[],"class_list":["post-1861","post","type-post","status-publish","format-standard","hentry","category-menyer"],"_links":{"self":[{"href":"https:\/\/kraftan.nu\/index.php?rest_route=\/wp\/v2\/posts\/1861","targetHints":{"allow":["GET"]}}],"collection":[{"href":"https:\/\/kraftan.nu\/index.php?rest_route=\/wp\/v2\/posts"}],"about":[{"href":"https:\/\/kraftan.nu\/index.php?rest_route=\/wp\/v2\/types\/post"}],"author":[{"embeddable":true,"href":"https:\/\/kraftan.nu\/index.php?rest_route=\/wp\/v2\/users\/1"}],"replies":[{"embeddable":true,"href":"https:\/\/kraftan.nu\/index.php?rest_route=%2Fwp%2Fv2%2Fcomments&post=1861"}],"version-history":[{"count":1,"href":"https:\/\/kraftan.nu\/index.php?rest_route=\/wp\/v2\/posts\/1861\/revisions"}],"predecessor-version":[{"id":1862,"href":"https:\/\/kraftan.nu\/index.php?rest_route=\/wp\/v2\/posts\/1861\/revisions\/1862"}],"wp:attachment":[{"href":"https:\/\/kraftan.nu\/index.php?rest_route=%2Fwp%2Fv2%2Fmedia&parent=1861"}],"wp:term":[{"taxonomy":"category","embeddable":true,"href":"https:\/\/kraftan.nu\/index.php?rest_route=%2Fwp%2Fv2%2Fcategories&post=1861"},{"taxonomy":"post_tag","embeddable":true,"href":"https:\/\/kraftan.nu\/index.php?rest_route=%2Fwp%2Fv2%2Ftags&post=1861"}],"curies":[{"name":"wp","href":"https:\/\/api.w.org\/{rel}","templated":true}]}}