{"id":1837,"date":"2019-07-07T20:58:54","date_gmt":"2019-07-07T20:58:54","guid":{"rendered":"https:\/\/kraftan.nu\/?p=1837"},"modified":"2019-07-11T08:35:26","modified_gmt":"2019-07-11T08:35:26","slug":"%ef%bb%bflunchmeny-v-28","status":"publish","type":"post","link":"https:\/\/kraftan.nu\/?p=1837","title":{"rendered":"\ufeffLunchmeny V.28"},"content":{"rendered":"\n<p><br><\/p>\n\n\n\n<p><em><strong>M\u00e5ndag<\/strong><\/em><\/p>\n\n\n\n<p><em>Sej med svamp, skocka\noch oliver samt tomats\u00e5s<\/em><\/p>\n\n\n\n<p><em>**<\/em><\/p>\n\n\n\n<p><em>K\u00f6ttf\u00e4rslimpa med\ngr\u00e4dds\u00e5s och kokt f\u00e4rskplugg<\/em><\/p>\n\n\n\n<p><em><strong>Tisdag<\/strong><\/em><\/p>\n\n\n\n<p><em>Pankopanerad hoki med\ns\u00f6tsurs\u00e5s och gr\u00f6nsaker<\/em><\/p>\n\n\n\n<p><em>**<\/em><\/p>\n\n\n\n<p><em>Briskett med r\u00f6dvins\u00e5s\noch timjansrostad f\u00e4rskplugg <\/em><\/p>\n\n\n\n<p><em><strong>Onsdag<\/strong><\/em><\/p>\n\n\n\n<p><em>Vitl\u00f6k och persiljebakad\nvitling med s\u00e5s verde och gr\u00f6nsaksris <\/em><\/p>\n\n\n\n<p><em>**<\/em><\/p>\n\n\n\n<p><em>Kycklingl\u00e5rfil\u00e9 med\ndijonsenapss\u00e5s och brysselk\u00e5l<\/em><\/p>\n\n\n\n<p><em><strong>Torsdag<\/strong><\/em><\/p>\n\n\n\n<p><em>Fiskgrat\u00e4ng p\u00e5 torskfil\u00e9 med vitt vin och dill<\/em><\/p>\n\n\n\n<p><em>**<\/em><\/p>\n\n\n\n<p><em>Helstekt kalv med kapris\noch salviaskys\u00e5s samt risotto <\/em><\/p>\n\n\n\n<p><em><strong>Fredag<\/strong><\/em><\/p>\n\n\n\n<p><em>Fiskgryta med curry, linser,\nblomk\u00e5l och s\u00f6tpotatis<\/em><\/p>\n\n\n\n<p><em>**<\/em><\/p>\n\n\n\n<p><em>Helstekt fl\u00e4skkarr\u00e9 med koreansk bbqs\u00e5s och ris  <\/em><\/p>\n\n\n\n<p><em>Vi serverar dagligen en vegetarisk soppa samt en vegetarisk gryta och i den m\u00e5n vi kan anv\u00e4nder vi ekologiska samt n\u00e4rproducerade r\u00e5varor till all matlagning <\/em><\/p>\n","protected":false},"excerpt":{"rendered":"<p>M\u00e5ndag Sej med svamp, skocka och oliver samt tomats\u00e5s ** K\u00f6ttf\u00e4rslimpa med gr\u00e4dds\u00e5s och kokt f\u00e4rskplugg Tisdag Pankopanerad hoki med [&hellip;]<\/p>\n","protected":false},"author":1,"featured_media":0,"comment_status":"closed","ping_status":"open","sticky":false,"template":"","format":"standard","meta":{"_monsterinsights_skip_tracking":false,"_monsterinsights_sitenote_active":false,"_monsterinsights_sitenote_note":"","_monsterinsights_sitenote_category":0,"footnotes":""},"categories":[4],"tags":[],"class_list":["post-1837","post","type-post","status-publish","format-standard","hentry","category-menyer"],"_links":{"self":[{"href":"https:\/\/kraftan.nu\/index.php?rest_route=\/wp\/v2\/posts\/1837","targetHints":{"allow":["GET"]}}],"collection":[{"href":"https:\/\/kraftan.nu\/index.php?rest_route=\/wp\/v2\/posts"}],"about":[{"href":"https:\/\/kraftan.nu\/index.php?rest_route=\/wp\/v2\/types\/post"}],"author":[{"embeddable":true,"href":"https:\/\/kraftan.nu\/index.php?rest_route=\/wp\/v2\/users\/1"}],"replies":[{"embeddable":true,"href":"https:\/\/kraftan.nu\/index.php?rest_route=%2Fwp%2Fv2%2Fcomments&post=1837"}],"version-history":[{"count":2,"href":"https:\/\/kraftan.nu\/index.php?rest_route=\/wp\/v2\/posts\/1837\/revisions"}],"predecessor-version":[{"id":1840,"href":"https:\/\/kraftan.nu\/index.php?rest_route=\/wp\/v2\/posts\/1837\/revisions\/1840"}],"wp:attachment":[{"href":"https:\/\/kraftan.nu\/index.php?rest_route=%2Fwp%2Fv2%2Fmedia&parent=1837"}],"wp:term":[{"taxonomy":"category","embeddable":true,"href":"https:\/\/kraftan.nu\/index.php?rest_route=%2Fwp%2Fv2%2Fcategories&post=1837"},{"taxonomy":"post_tag","embeddable":true,"href":"https:\/\/kraftan.nu\/index.php?rest_route=%2Fwp%2Fv2%2Ftags&post=1837"}],"curies":[{"name":"wp","href":"https:\/\/api.w.org\/{rel}","templated":true}]}}