{"id":1834,"date":"2019-06-30T21:44:01","date_gmt":"2019-06-30T21:44:01","guid":{"rendered":"https:\/\/kraftan.nu\/?p=1834"},"modified":"2019-06-30T21:44:05","modified_gmt":"2019-06-30T21:44:05","slug":"lunchmeny-v-27-7","status":"publish","type":"post","link":"https:\/\/kraftan.nu\/?p=1834","title":{"rendered":"Lunchmeny V.27"},"content":{"rendered":"\n<p>Vi har \u00f6ppet f\u00f6r lunch som vanligt fram till och med den 12 Juli, d\u00e4refter  st\u00e4ngt i 4 veckor. V\u00e4lkomna!<\/p>\n\n\n\n<p><em><strong>M\u00e5ndag<\/strong><\/em><\/p>\n\n\n\n<p><em>Sej med vitvinss\u00e5s, dill\noch kokt f\u00e4rskplugg<\/em><\/p>\n\n\n\n<p><em>**<\/em><\/p>\n\n\n\n<p><em>Majskyckling med parmesanrostad\nplugg och skys\u00e5s<\/em><\/p>\n\n\n\n<p><em><strong>Tisdag<\/strong><\/em><\/p>\n\n\n\n<p><em>Panerad sp\u00e4tta med\nremoulads\u00e5s och citronbit<\/em><\/p>\n\n\n\n<p><em>**<\/em><\/p>\n\n\n\n<p><em>Chorizo med het tomatsalsa\noch rostad potatis<\/em><\/p>\n\n\n\n<p><em><strong>Onsdag<\/strong><\/em><\/p>\n\n\n\n<p><em>Laxlasagne med spenat,\nvitl\u00f6k, dill och ost<\/em><\/p>\n\n\n\n<p><em>**<\/em><\/p>\n\n\n\n<p><em>Helstekt h\u00f6grev med kryddigt\nvitl\u00f6kssm\u00f6r och timjansky<\/em><\/p>\n\n\n\n<p><em><strong>Torsdag<\/strong><\/em><\/p>\n\n\n\n<p><em>Alaska pollock med\nsm\u00f6rad tomats\u00e5s och stomp<\/em><\/p>\n\n\n\n<p><em>**<\/em><\/p>\n\n\n\n<p><em>Lammf\u00e4rsbiffar med rosmarin\noch vitl\u00f6kskr\u00e4m samt stekt ris<\/em><\/p>\n\n\n\n<p><em><strong>Fredag<\/strong><\/em><\/p>\n\n\n\n<p><em>Fiskgryta med kokosgr\u00e4dde,\ncurry och gr\u00f6nsaker<\/em><\/p>\n\n\n\n<p><em>**<\/em><\/p>\n\n\n\n<p><em>Fl\u00e4skkarr\u00e9 med fr\u00e4st ananas\noch champinjoner i soyas\u00e5s<\/em><\/p>\n\n\n\n<p><em>Vi serverar dagligen en vegetarisk soppa samt en vegetarisk gryta och i den m\u00e5n vi kan anv\u00e4nder vi ekologiska samt n\u00e4rproducerade r\u00e5varor till all matlagning <\/em><\/p>\n","protected":false},"excerpt":{"rendered":"<p>Vi har \u00f6ppet f\u00f6r lunch som vanligt fram till och med den 12 Juli, d\u00e4refter st\u00e4ngt i 4 veckor. V\u00e4lkomna! [&hellip;]<\/p>\n","protected":false},"author":1,"featured_media":0,"comment_status":"closed","ping_status":"open","sticky":false,"template":"","format":"standard","meta":{"_monsterinsights_skip_tracking":false,"_monsterinsights_sitenote_active":false,"_monsterinsights_sitenote_note":"","_monsterinsights_sitenote_category":0,"footnotes":""},"categories":[4],"tags":[],"class_list":["post-1834","post","type-post","status-publish","format-standard","hentry","category-menyer"],"_links":{"self":[{"href":"https:\/\/kraftan.nu\/index.php?rest_route=\/wp\/v2\/posts\/1834","targetHints":{"allow":["GET"]}}],"collection":[{"href":"https:\/\/kraftan.nu\/index.php?rest_route=\/wp\/v2\/posts"}],"about":[{"href":"https:\/\/kraftan.nu\/index.php?rest_route=\/wp\/v2\/types\/post"}],"author":[{"embeddable":true,"href":"https:\/\/kraftan.nu\/index.php?rest_route=\/wp\/v2\/users\/1"}],"replies":[{"embeddable":true,"href":"https:\/\/kraftan.nu\/index.php?rest_route=%2Fwp%2Fv2%2Fcomments&post=1834"}],"version-history":[{"count":1,"href":"https:\/\/kraftan.nu\/index.php?rest_route=\/wp\/v2\/posts\/1834\/revisions"}],"predecessor-version":[{"id":1835,"href":"https:\/\/kraftan.nu\/index.php?rest_route=\/wp\/v2\/posts\/1834\/revisions\/1835"}],"wp:attachment":[{"href":"https:\/\/kraftan.nu\/index.php?rest_route=%2Fwp%2Fv2%2Fmedia&parent=1834"}],"wp:term":[{"taxonomy":"category","embeddable":true,"href":"https:\/\/kraftan.nu\/index.php?rest_route=%2Fwp%2Fv2%2Fcategories&post=1834"},{"taxonomy":"post_tag","embeddable":true,"href":"https:\/\/kraftan.nu\/index.php?rest_route=%2Fwp%2Fv2%2Ftags&post=1834"}],"curies":[{"name":"wp","href":"https:\/\/api.w.org\/{rel}","templated":true}]}}