{"id":1821,"date":"2019-06-09T20:33:02","date_gmt":"2019-06-09T20:33:02","guid":{"rendered":"https:\/\/kraftan.nu\/?p=1821"},"modified":"2019-06-09T20:38:49","modified_gmt":"2019-06-09T20:38:49","slug":"lunchmeny-v-24-6","status":"publish","type":"post","link":"https:\/\/kraftan.nu\/?p=1821","title":{"rendered":"Lunchmeny V.24"},"content":{"rendered":"\n<p><\/p>\n\n\n\n<p><em><strong>M\u00e5ndag<\/strong><\/em><\/p>\n\n\n\n<p><em>Kabanoss med\nr\u00f6dvinskokt r\u00f6dl\u00f6k och skys\u00e5s<\/em><\/p>\n\n\n\n<p><em>**<\/em><\/p>\n\n\n\n<p><em>Alaska pollock med\nramsl\u00f6kss\u00e5s och dillig f\u00e4rskplugg<\/em><\/p>\n\n\n\n<p><em><strong>Tisdag<\/strong><\/em><\/p>\n\n\n\n<p><em>Panerad kolja med kall\n\u00f6rts\u00e5s, citronbit och f\u00e4rskpotatis<\/em><\/p>\n\n\n\n<p><em>**<\/em><\/p>\n\n\n\n<p><em>Majskyckling med dragon\n&amp; dijonsenaps\u00e5s samt potatisstomp<\/em><\/p>\n\n\n\n<p><em><strong>Onsdag<\/strong><\/em><\/p>\n\n\n\n<p><em>Torsk med kokosgr\u00e4dde och\ncitruss\u00e5s samt basmatiris<\/em><\/p>\n\n\n\n<p><em>**<\/em><\/p>\n\n\n\n<p><em>Blandf\u00e4rsbiffar med persilja\noch kr\u00e4mig champinjons\u00e5s <\/em><\/p>\n\n\n\n<p><em><strong>Torsdag<\/strong><\/em><\/p>\n\n\n\n<p><em>Mangomarinerad uer med\nfried rice, lime &amp; koriander<\/em><\/p>\n\n\n\n<p><em>**<\/em><\/p>\n\n\n\n<p><em>S\u00f6tsyrlig kalvgryta med gr\u00e4dde, dill och gr\u00f6nsakshack<\/em><\/p>\n\n\n\n<p><em><strong>Fredag<\/strong><\/em><\/p>\n\n\n\n<p><em>Fiskgrat\u00e4ng med jalape\u00f1os,\nf\u00e4rsk timjan, ost och vitl\u00f6k<\/em><\/p>\n\n\n\n<p><em>**<\/em><\/p>\n\n\n\n<p><em>Soyagryta med tunt skivad h\u00f6grev, chili, vitl\u00f6k &amp; ingef\u00e4ra<\/em><\/p>\n\n\n\n<p><em>Vi serverar dagligen en vegetarisk soppa samt en vegetarisk gryta och i den m\u00e5n vi kan anv\u00e4nder vi ekologiska samt n\u00e4rproducerade r\u00e5varor till all matlagning <\/em><\/p>\n","protected":false},"excerpt":{"rendered":"<p>M\u00e5ndag Kabanoss med r\u00f6dvinskokt r\u00f6dl\u00f6k och skys\u00e5s ** Alaska pollock med ramsl\u00f6kss\u00e5s och dillig f\u00e4rskplugg Tisdag Panerad kolja med kall [&hellip;]<\/p>\n","protected":false},"author":1,"featured_media":0,"comment_status":"closed","ping_status":"open","sticky":false,"template":"","format":"standard","meta":{"_monsterinsights_skip_tracking":false,"_monsterinsights_sitenote_active":false,"_monsterinsights_sitenote_note":"","_monsterinsights_sitenote_category":0,"footnotes":""},"categories":[4],"tags":[],"class_list":["post-1821","post","type-post","status-publish","format-standard","hentry","category-menyer"],"_links":{"self":[{"href":"https:\/\/kraftan.nu\/index.php?rest_route=\/wp\/v2\/posts\/1821","targetHints":{"allow":["GET"]}}],"collection":[{"href":"https:\/\/kraftan.nu\/index.php?rest_route=\/wp\/v2\/posts"}],"about":[{"href":"https:\/\/kraftan.nu\/index.php?rest_route=\/wp\/v2\/types\/post"}],"author":[{"embeddable":true,"href":"https:\/\/kraftan.nu\/index.php?rest_route=\/wp\/v2\/users\/1"}],"replies":[{"embeddable":true,"href":"https:\/\/kraftan.nu\/index.php?rest_route=%2Fwp%2Fv2%2Fcomments&post=1821"}],"version-history":[{"count":3,"href":"https:\/\/kraftan.nu\/index.php?rest_route=\/wp\/v2\/posts\/1821\/revisions"}],"predecessor-version":[{"id":1825,"href":"https:\/\/kraftan.nu\/index.php?rest_route=\/wp\/v2\/posts\/1821\/revisions\/1825"}],"wp:attachment":[{"href":"https:\/\/kraftan.nu\/index.php?rest_route=%2Fwp%2Fv2%2Fmedia&parent=1821"}],"wp:term":[{"taxonomy":"category","embeddable":true,"href":"https:\/\/kraftan.nu\/index.php?rest_route=%2Fwp%2Fv2%2Fcategories&post=1821"},{"taxonomy":"post_tag","embeddable":true,"href":"https:\/\/kraftan.nu\/index.php?rest_route=%2Fwp%2Fv2%2Ftags&post=1821"}],"curies":[{"name":"wp","href":"https:\/\/api.w.org\/{rel}","templated":true}]}}